{"id":4237,"date":"2026-07-15T19:30:14","date_gmt":"2026-07-15T19:30:14","guid":{"rendered":"https:\/\/cnnbra.com.br\/al\/blog\/2026\/07\/15\/eua-planejam-tarifa-de-25-sobre-produtos-brasileiros-avisa-lula\/"},"modified":"2026-07-15T19:30:14","modified_gmt":"2026-07-15T19:30:14","slug":"eua-planejam-tarifa-de-25-sobre-produtos-brasileiros-avisa-lula","status":"publish","type":"post","link":"https:\/\/cnnbra.com.br\/al\/blog\/2026\/07\/15\/eua-planejam-tarifa-de-25-sobre-produtos-brasileiros-avisa-lula\/","title":{"rendered":"EUA planejam tarifa de 25% sobre produtos brasileiros, avisa Lula"},"content":{"rendered":"<p>Os Estados Unidos anunciar\u00e3o nesta quarta-feira (15.jul) a aplica\u00e7\u00e3o de uma tarifa adicional de 25% sobre produtos importados do Brasil. O governo Lula j\u00e1 se articula para responder a essa medida, aguardando detalhes do ato oficial para definir quais produtos ser\u00e3o isentados e, assim, avaliar o impacto econ\u00f4mico.<\/p>\n<p>\\n<\/p>\n<p>A avalia\u00e7\u00e3o interna \u00e9 clara: a lista de exce\u00e7\u00f5es ser\u00e1 essencial para compreender as consequ\u00eancias dessa decis\u00e3o e orientar as pr\u00f3ximas a\u00e7\u00f5es do governo. O Planalto tem em mente a possibilidade de utilizar a Lei da Reciprocidade Econ\u00f4mica como resposta, caso necess\u00e1rio.<\/p>\n<p>\\n<\/p>\n<p>Na busca por manter as negocia\u00e7\u00f5es com os EUA, o presidente Lula se reuniu no Pal\u00e1cio do Planalto com o ministro das Rela\u00e7\u00f5es Exteriores, Mauro Vieira, para discutir o assunto. A investiga\u00e7\u00e3o que levou a essa tarifa est\u00e1 ligada a uma articula\u00e7\u00e3o da fam\u00edlia Bolsonaro com aliados do ex-presidente Donald Trump, o que o governo brasileiro alega ter um car\u00e1ter pol\u00edtico.<\/p>\n","protected":false},"excerpt":{"rendered":"<p>Os Estados Unidos anunciar\u00e3o nesta quarta-feira (15.jul) a aplica\u00e7\u00e3o de uma tarifa adicional de 25% sobre produtos importados do Brasil. O governo Lula j\u00e1 se articula para responder a essa medida, aguardando detalhes do ato oficial para definir quais produtos ser\u00e3o isentados e, assim, avaliar o impacto econ\u00f4mico. \\n A avalia\u00e7\u00e3o interna \u00e9 clara: a [&hellip;]<\/p>\n","protected":false},"author":1,"featured_media":4236,"comment_status":"open","ping_status":"open","sticky":false,"template":"","format":"standard","meta":{"fifu_image_url":"","fifu_image_alt":"","footnotes":""},"categories":[11],"tags":[],"class_list":["post-4237","post","type-post","status-publish","format-standard","has-post-thumbnail","hentry","category-alagoas"],"_links":{"self":[{"href":"https:\/\/cnnbra.com.br\/al\/wp-json\/wp\/v2\/posts\/4237","targetHints":{"allow":["GET"]}}],"collection":[{"href":"https:\/\/cnnbra.com.br\/al\/wp-json\/wp\/v2\/posts"}],"about":[{"href":"https:\/\/cnnbra.com.br\/al\/wp-json\/wp\/v2\/types\/post"}],"author":[{"embeddable":true,"href":"https:\/\/cnnbra.com.br\/al\/wp-json\/wp\/v2\/users\/1"}],"replies":[{"embeddable":true,"href":"https:\/\/cnnbra.com.br\/al\/wp-json\/wp\/v2\/comments?post=4237"}],"version-history":[{"count":0,"href":"https:\/\/cnnbra.com.br\/al\/wp-json\/wp\/v2\/posts\/4237\/revisions"}],"wp:featuredmedia":[{"embeddable":true,"href":"https:\/\/cnnbra.com.br\/al\/wp-json\/wp\/v2\/media\/4236"}],"wp:attachment":[{"href":"https:\/\/cnnbra.com.br\/al\/wp-json\/wp\/v2\/media?parent=4237"}],"wp:term":[{"taxonomy":"category","embeddable":true,"href":"https:\/\/cnnbra.com.br\/al\/wp-json\/wp\/v2\/categories?post=4237"},{"taxonomy":"post_tag","embeddable":true,"href":"https:\/\/cnnbra.com.br\/al\/wp-json\/wp\/v2\/tags?post=4237"}],"curies":[{"name":"wp","href":"https:\/\/api.w.org\/{rel}","templated":true}]}}