{"id":4213,"date":"2026-07-15T15:10:23","date_gmt":"2026-07-15T15:10:23","guid":{"rendered":"https:\/\/cnnbra.com.br\/al\/blog\/2026\/07\/15\/meta-processada-por-ex-funcionarios-por-uso-de-ia-em-demissoes\/"},"modified":"2026-07-15T15:10:23","modified_gmt":"2026-07-15T15:10:23","slug":"meta-processada-por-ex-funcionarios-por-uso-de-ia-em-demissoes","status":"publish","type":"post","link":"https:\/\/cnnbra.com.br\/al\/blog\/2026\/07\/15\/meta-processada-por-ex-funcionarios-por-uso-de-ia-em-demissoes\/","title":{"rendered":"Meta processada por ex-funcion\u00e1rios por uso de IA em demiss\u00f5es"},"content":{"rendered":"<p>A Meta, empresa respons\u00e1vel por plataformas como Facebook e Instagram, enfrenta uma a\u00e7\u00e3o judicial movida por ex-funcion\u00e1rios. Eles acusam que a companhia utilizou um sistema de intelig\u00eancia artificial para selecionar quem seria demitido durante cortes de pessoal.<\/p>\n<p>\\n<\/p>\n<p>De acordo com os envolvidos, essa pr\u00e1tica teria eliminado a possibilidade de avalia\u00e7\u00f5es humanas mais justas e pessoais, levando a demiss\u00f5es de funcion\u00e1rios que poderiam ter um desempenho melhor se avaliados por supervisores.<\/p>\n<p>\\n<\/p>\n<p>A quest\u00e3o levanta um debate sobre a \u00e9tica do uso de intelig\u00eancia artificial em processos de demiss\u00e3o, algo que pode impactar n\u00e3o apenas os funcion\u00e1rios da Meta, mas tamb\u00e9m outras empresas que adotem pr\u00e1ticas similares no mercado alagoano e nacional.<\/p>\n","protected":false},"excerpt":{"rendered":"<p>A Meta, empresa respons\u00e1vel por plataformas como Facebook e Instagram, enfrenta uma a\u00e7\u00e3o judicial movida por ex-funcion\u00e1rios. Eles acusam que a companhia utilizou um sistema de intelig\u00eancia artificial para selecionar quem seria demitido durante cortes de pessoal. \\n De acordo com os envolvidos, essa pr\u00e1tica teria eliminado a possibilidade de avalia\u00e7\u00f5es humanas mais justas e [&hellip;]<\/p>\n","protected":false},"author":1,"featured_media":4212,"comment_status":"open","ping_status":"open","sticky":false,"template":"","format":"standard","meta":{"fifu_image_url":"","fifu_image_alt":"","footnotes":""},"categories":[11],"tags":[],"class_list":["post-4213","post","type-post","status-publish","format-standard","has-post-thumbnail","hentry","category-alagoas"],"_links":{"self":[{"href":"https:\/\/cnnbra.com.br\/al\/wp-json\/wp\/v2\/posts\/4213","targetHints":{"allow":["GET"]}}],"collection":[{"href":"https:\/\/cnnbra.com.br\/al\/wp-json\/wp\/v2\/posts"}],"about":[{"href":"https:\/\/cnnbra.com.br\/al\/wp-json\/wp\/v2\/types\/post"}],"author":[{"embeddable":true,"href":"https:\/\/cnnbra.com.br\/al\/wp-json\/wp\/v2\/users\/1"}],"replies":[{"embeddable":true,"href":"https:\/\/cnnbra.com.br\/al\/wp-json\/wp\/v2\/comments?post=4213"}],"version-history":[{"count":0,"href":"https:\/\/cnnbra.com.br\/al\/wp-json\/wp\/v2\/posts\/4213\/revisions"}],"wp:featuredmedia":[{"embeddable":true,"href":"https:\/\/cnnbra.com.br\/al\/wp-json\/wp\/v2\/media\/4212"}],"wp:attachment":[{"href":"https:\/\/cnnbra.com.br\/al\/wp-json\/wp\/v2\/media?parent=4213"}],"wp:term":[{"taxonomy":"category","embeddable":true,"href":"https:\/\/cnnbra.com.br\/al\/wp-json\/wp\/v2\/categories?post=4213"},{"taxonomy":"post_tag","embeddable":true,"href":"https:\/\/cnnbra.com.br\/al\/wp-json\/wp\/v2\/tags?post=4213"}],"curies":[{"name":"wp","href":"https:\/\/api.w.org\/{rel}","templated":true}]}}