{"id":4185,"date":"2026-07-15T12:30:21","date_gmt":"2026-07-15T12:30:21","guid":{"rendered":"https:\/\/cnnbra.com.br\/al\/blog\/2026\/07\/15\/palestra-gratuita-sobre-microcredito-acontece-em-maceio\/"},"modified":"2026-07-15T12:30:21","modified_gmt":"2026-07-15T12:30:21","slug":"palestra-gratuita-sobre-microcredito-acontece-em-maceio","status":"publish","type":"post","link":"https:\/\/cnnbra.com.br\/al\/blog\/2026\/07\/15\/palestra-gratuita-sobre-microcredito-acontece-em-maceio\/","title":{"rendered":"Palestra gratuita sobre microcr\u00e9dito acontece em Macei\u00f3"},"content":{"rendered":"<p>A Sala do Empreendedor de Macei\u00f3, em parceria com o Sebrae Alagoas e a Associa\u00e7\u00e3o Comercial, realizar\u00e1 uma palestra virtual gratuita para empreendedores da capital. O evento, agendado para o dia 15 de julho \u00e0s 16h, ter\u00e1 como foco as oportunidades de microcr\u00e9dito no mercado, com a participa\u00e7\u00e3o do gerente de opera\u00e7\u00f5es do Banco do Nordeste.<\/p>\n<p>\\n<\/p>\n<p>Os interessados devem se inscrever previamente, preenchendo um formul\u00e1rio que pode ser acessado online ou realizando a inscri\u00e7\u00e3o presencialmente em um dos postos da Sala do Empreendedor. As \u00e1reas atendidas incluem microempreendedores individuais (MEI), microempresas (ME) e empresas de pequeno porte (EPP).<\/p>\n<p>\\n<\/p>\n<p>Segundo Emerson Amancio, coordenador da Sala do Empreendedor, essa \u00e9 uma excelente oportunidade para aqueles que buscam expandir seus neg\u00f3cios com op\u00e7\u00f5es de cr\u00e9dito adaptadas \u00e0 realidade de pequenos empreendedores. A Sala, que oferece servi\u00e7os gratuitos, est\u00e1 localizada em diferentes pontos da cidade, como o Centro e o Macei\u00f3 Shopping.<\/p>\n","protected":false},"excerpt":{"rendered":"<p>A Sala do Empreendedor de Macei\u00f3, em parceria com o Sebrae Alagoas e a Associa\u00e7\u00e3o Comercial, realizar\u00e1 uma palestra virtual gratuita para empreendedores da capital. O evento, agendado para o dia 15 de julho \u00e0s 16h, ter\u00e1 como foco as oportunidades de microcr\u00e9dito no mercado, com a participa\u00e7\u00e3o do gerente de opera\u00e7\u00f5es do Banco do [&hellip;]<\/p>\n","protected":false},"author":1,"featured_media":4184,"comment_status":"open","ping_status":"open","sticky":false,"template":"","format":"standard","meta":{"fifu_image_url":"","fifu_image_alt":"","footnotes":""},"categories":[11],"tags":[],"class_list":["post-4185","post","type-post","status-publish","format-standard","has-post-thumbnail","hentry","category-alagoas"],"_links":{"self":[{"href":"https:\/\/cnnbra.com.br\/al\/wp-json\/wp\/v2\/posts\/4185","targetHints":{"allow":["GET"]}}],"collection":[{"href":"https:\/\/cnnbra.com.br\/al\/wp-json\/wp\/v2\/posts"}],"about":[{"href":"https:\/\/cnnbra.com.br\/al\/wp-json\/wp\/v2\/types\/post"}],"author":[{"embeddable":true,"href":"https:\/\/cnnbra.com.br\/al\/wp-json\/wp\/v2\/users\/1"}],"replies":[{"embeddable":true,"href":"https:\/\/cnnbra.com.br\/al\/wp-json\/wp\/v2\/comments?post=4185"}],"version-history":[{"count":0,"href":"https:\/\/cnnbra.com.br\/al\/wp-json\/wp\/v2\/posts\/4185\/revisions"}],"wp:featuredmedia":[{"embeddable":true,"href":"https:\/\/cnnbra.com.br\/al\/wp-json\/wp\/v2\/media\/4184"}],"wp:attachment":[{"href":"https:\/\/cnnbra.com.br\/al\/wp-json\/wp\/v2\/media?parent=4185"}],"wp:term":[{"taxonomy":"category","embeddable":true,"href":"https:\/\/cnnbra.com.br\/al\/wp-json\/wp\/v2\/categories?post=4185"},{"taxonomy":"post_tag","embeddable":true,"href":"https:\/\/cnnbra.com.br\/al\/wp-json\/wp\/v2\/tags?post=4185"}],"curies":[{"name":"wp","href":"https:\/\/api.w.org\/{rel}","templated":true}]}}