{"id":4175,"date":"2026-07-15T12:11:35","date_gmt":"2026-07-15T12:11:35","guid":{"rendered":"https:\/\/cnnbra.com.br\/al\/blog\/2026\/07\/15\/palmeiras-vende-zagueiro-kaiky-naves-para-o-necaxa-do-mexico\/"},"modified":"2026-07-15T12:11:35","modified_gmt":"2026-07-15T12:11:35","slug":"palmeiras-vende-zagueiro-kaiky-naves-para-o-necaxa-do-mexico","status":"publish","type":"post","link":"https:\/\/cnnbra.com.br\/al\/blog\/2026\/07\/15\/palmeiras-vende-zagueiro-kaiky-naves-para-o-necaxa-do-mexico\/","title":{"rendered":"Palmeiras vende zagueiro Kaiky Naves para o Necaxa do M\u00e9xico"},"content":{"rendered":"<p>O Palmeiras est\u00e1 pr\u00f3ximo de oficializar a venda do zagueiro Kaiky Naves para o Necaxa, do M\u00e9xico. A negocia\u00e7\u00e3o, que j\u00e1 est\u00e1 em fase de conclus\u00e3o, marca uma nova etapa na carreira do jovem defensor.<\/p>\n<p>\\n<\/p>\n<p>A sa\u00edda de Naves levanta quest\u00f5es sobre o impacto no elenco palmeirense e como isso pode afetar os pr\u00f3ximos jogos do time na temporada, especialmente com foco nas competi\u00e7\u00f5es nacionais.<\/p>\n<p>\\n<\/p>\n<p>Al\u00e9m disso, a venda pode representar uma boa oportunidade para o jogador em busca de experi\u00eancia internacional, algo que pode ser valorizado no futuro, tanto para ele quanto para o Palmeiras.<\/p>\n","protected":false},"excerpt":{"rendered":"<p>O Palmeiras est\u00e1 pr\u00f3ximo de oficializar a venda do zagueiro Kaiky Naves para o Necaxa, do M\u00e9xico. A negocia\u00e7\u00e3o, que j\u00e1 est\u00e1 em fase de conclus\u00e3o, marca uma nova etapa na carreira do jovem defensor. \\n A sa\u00edda de Naves levanta quest\u00f5es sobre o impacto no elenco palmeirense e como isso pode afetar os pr\u00f3ximos [&hellip;]<\/p>\n","protected":false},"author":1,"featured_media":4174,"comment_status":"open","ping_status":"open","sticky":false,"template":"","format":"standard","meta":{"fifu_image_url":"","fifu_image_alt":"","footnotes":""},"categories":[11],"tags":[],"class_list":["post-4175","post","type-post","status-publish","format-standard","has-post-thumbnail","hentry","category-alagoas"],"_links":{"self":[{"href":"https:\/\/cnnbra.com.br\/al\/wp-json\/wp\/v2\/posts\/4175","targetHints":{"allow":["GET"]}}],"collection":[{"href":"https:\/\/cnnbra.com.br\/al\/wp-json\/wp\/v2\/posts"}],"about":[{"href":"https:\/\/cnnbra.com.br\/al\/wp-json\/wp\/v2\/types\/post"}],"author":[{"embeddable":true,"href":"https:\/\/cnnbra.com.br\/al\/wp-json\/wp\/v2\/users\/1"}],"replies":[{"embeddable":true,"href":"https:\/\/cnnbra.com.br\/al\/wp-json\/wp\/v2\/comments?post=4175"}],"version-history":[{"count":0,"href":"https:\/\/cnnbra.com.br\/al\/wp-json\/wp\/v2\/posts\/4175\/revisions"}],"wp:featuredmedia":[{"embeddable":true,"href":"https:\/\/cnnbra.com.br\/al\/wp-json\/wp\/v2\/media\/4174"}],"wp:attachment":[{"href":"https:\/\/cnnbra.com.br\/al\/wp-json\/wp\/v2\/media?parent=4175"}],"wp:term":[{"taxonomy":"category","embeddable":true,"href":"https:\/\/cnnbra.com.br\/al\/wp-json\/wp\/v2\/categories?post=4175"},{"taxonomy":"post_tag","embeddable":true,"href":"https:\/\/cnnbra.com.br\/al\/wp-json\/wp\/v2\/tags?post=4175"}],"curies":[{"name":"wp","href":"https:\/\/api.w.org\/{rel}","templated":true}]}}