{"id":4165,"date":"2026-07-15T12:09:22","date_gmt":"2026-07-15T12:09:22","guid":{"rendered":"https:\/\/cnnbra.com.br\/al\/blog\/2026\/07\/15\/camara-de-maceio-suspende-sessoes-por-problemas-no-painel-eletronico\/"},"modified":"2026-07-15T12:09:22","modified_gmt":"2026-07-15T12:09:22","slug":"camara-de-maceio-suspende-sessoes-por-problemas-no-painel-eletronico","status":"publish","type":"post","link":"https:\/\/cnnbra.com.br\/al\/blog\/2026\/07\/15\/camara-de-maceio-suspende-sessoes-por-problemas-no-painel-eletronico\/","title":{"rendered":"C\u00e2mara de Macei\u00f3 suspende sess\u00f5es por problemas no painel eletr\u00f4nico"},"content":{"rendered":"<p>A C\u00e2mara Municipal de Macei\u00f3 suspendeu as sess\u00f5es ordin\u00e1rias esta semana devido a uma falha t\u00e9cnica no painel eletr\u00f4nico, essencial para os trabalhos legislativos. A decis\u00e3o foi anunciada pela Mesa Diretora, que garantiu que o sistema receber\u00e1 manuten\u00e7\u00e3o para assegurar seu funcionamento adequado antes da retomada das atividades, marcada para o dia 21 de julho.<\/p>\n<p>\\n<\/p>\n<p>O painel eletr\u00f4nico \u00e9 crucial para a condu\u00e7\u00e3o das sess\u00f5es plen\u00e1rias, pois registra a presen\u00e7a dos vereadores, as vota\u00e7\u00f5es de projetos de lei e outras mat\u00e9rias importantes. A interrup\u00e7\u00e3o se fez necess\u00e1ria para evitar preju\u00edzos na condu\u00e7\u00e3o dos trabalhos e garantir a confiabilidade do sistema. Apesar da suspens\u00e3o, os servi\u00e7os administrativos e as atividades internas da C\u00e2mara continuam normalmente.<\/p>\n<p>\\n<\/p>\n<p>A paralisa\u00e7\u00e3o adiou a aprecia\u00e7\u00e3o de diversos projetos que deveriam ser analisados nesta semana, e as propostas pendentes dever\u00e3o retornar \u00e0 pauta quando as atividades forem retomadas. Especialistas destacam a import\u00e2ncia dos sistemas eletr\u00f4nicos no funcionamento dos parlamentos, uma vez que proporcionam agilidade e transpar\u00eancia.<\/p>\n<p>\\n<\/p>\n<p>A expectativa da Mesa Diretora \u00e9 que os ajustes sejam finalizados rapidamente, permitindo a volta das sess\u00f5es sem comprometer o calend\u00e1rio legislativo do segundo semestre.<\/p>\n","protected":false},"excerpt":{"rendered":"<p>A C\u00e2mara Municipal de Macei\u00f3 suspendeu as sess\u00f5es ordin\u00e1rias esta semana devido a uma falha t\u00e9cnica no painel eletr\u00f4nico, essencial para os trabalhos legislativos. A decis\u00e3o foi anunciada pela Mesa Diretora, que garantiu que o sistema receber\u00e1 manuten\u00e7\u00e3o para assegurar seu funcionamento adequado antes da retomada das atividades, marcada para o dia 21 de julho. [&hellip;]<\/p>\n","protected":false},"author":1,"featured_media":4164,"comment_status":"open","ping_status":"open","sticky":false,"template":"","format":"standard","meta":{"fifu_image_url":"","fifu_image_alt":"","footnotes":""},"categories":[11],"tags":[],"class_list":["post-4165","post","type-post","status-publish","format-standard","has-post-thumbnail","hentry","category-alagoas"],"_links":{"self":[{"href":"https:\/\/cnnbra.com.br\/al\/wp-json\/wp\/v2\/posts\/4165","targetHints":{"allow":["GET"]}}],"collection":[{"href":"https:\/\/cnnbra.com.br\/al\/wp-json\/wp\/v2\/posts"}],"about":[{"href":"https:\/\/cnnbra.com.br\/al\/wp-json\/wp\/v2\/types\/post"}],"author":[{"embeddable":true,"href":"https:\/\/cnnbra.com.br\/al\/wp-json\/wp\/v2\/users\/1"}],"replies":[{"embeddable":true,"href":"https:\/\/cnnbra.com.br\/al\/wp-json\/wp\/v2\/comments?post=4165"}],"version-history":[{"count":0,"href":"https:\/\/cnnbra.com.br\/al\/wp-json\/wp\/v2\/posts\/4165\/revisions"}],"wp:featuredmedia":[{"embeddable":true,"href":"https:\/\/cnnbra.com.br\/al\/wp-json\/wp\/v2\/media\/4164"}],"wp:attachment":[{"href":"https:\/\/cnnbra.com.br\/al\/wp-json\/wp\/v2\/media?parent=4165"}],"wp:term":[{"taxonomy":"category","embeddable":true,"href":"https:\/\/cnnbra.com.br\/al\/wp-json\/wp\/v2\/categories?post=4165"},{"taxonomy":"post_tag","embeddable":true,"href":"https:\/\/cnnbra.com.br\/al\/wp-json\/wp\/v2\/tags?post=4165"}],"curies":[{"name":"wp","href":"https:\/\/api.w.org\/{rel}","templated":true}]}}