{"id":4139,"date":"2026-07-15T07:29:23","date_gmt":"2026-07-15T07:29:23","guid":{"rendered":"https:\/\/cnnbra.com.br\/al\/blog\/2026\/07\/15\/yamal-jovem-atacante-supera-mbappe-em-final-de-copa-do-mundo\/"},"modified":"2026-07-15T07:29:23","modified_gmt":"2026-07-15T07:29:23","slug":"yamal-jovem-atacante-supera-mbappe-em-final-de-copa-do-mundo","status":"publish","type":"post","link":"https:\/\/cnnbra.com.br\/al\/blog\/2026\/07\/15\/yamal-jovem-atacante-supera-mbappe-em-final-de-copa-do-mundo\/","title":{"rendered":"Yamal, jovem atacante, supera Mbapp\u00e9 em final de Copa do Mundo"},"content":{"rendered":"<p>O futebol espanhol est\u00e1 em destaque neste domingo (19), com a entrada de Lamine Yamal em campo na final da Copa do Mundo de 2026. Com apenas 19 anos e sete dias, o atacante ultrapassa Kylian Mbapp\u00e9, que ocupava a terceira posi\u00e7\u00e3o entre os mais jovens a jogar uma decis\u00e3o do Mundial.<\/p>\n<p>\\n<\/p>\n<p>Mbapp\u00e9, que j\u00e1 havia marcado hist\u00f3ria ao jogar na final de 2018 e na de 2022, viu sua marca ser superada ap\u00f3s a Espanha vencer a Fran\u00e7a nas semifinais. O jogo, que ocorreu nesta ter\u00e7a-feira (14), garantiu \u00e0 Espanha um lugar na disputa pelo t\u00edtulo e fez com que Yamal chegasse \u00e0 decis\u00e3o 201 dias mais jovem que o franc\u00eas.<\/p>\n<p>\\n<\/p>\n<p>Pelo lado brasileiro, ainda ecoa a mem\u00f3ria de Pel\u00e9, que em 1958 se tornou o mais jovem a jogar uma final de Copa do Mundo, aos 17 anos e 249 dias, marcando dois gols na vit\u00f3ria do Brasil. Yamal tentar\u00e1 fazer hist\u00f3ria neste domingo em busca do segundo t\u00edtulo da Espanha, contra o vencedor do duelo entre Argentina e Inglaterra.<\/p>\n","protected":false},"excerpt":{"rendered":"<p>O futebol espanhol est\u00e1 em destaque neste domingo (19), com a entrada de Lamine Yamal em campo na final da Copa do Mundo de 2026. Com apenas 19 anos e sete dias, o atacante ultrapassa Kylian Mbapp\u00e9, que ocupava a terceira posi\u00e7\u00e3o entre os mais jovens a jogar uma decis\u00e3o do Mundial. \\n Mbapp\u00e9, que [&hellip;]<\/p>\n","protected":false},"author":1,"featured_media":4138,"comment_status":"open","ping_status":"open","sticky":false,"template":"","format":"standard","meta":{"fifu_image_url":"","fifu_image_alt":"","footnotes":""},"categories":[11],"tags":[],"class_list":["post-4139","post","type-post","status-publish","format-standard","has-post-thumbnail","hentry","category-alagoas"],"_links":{"self":[{"href":"https:\/\/cnnbra.com.br\/al\/wp-json\/wp\/v2\/posts\/4139","targetHints":{"allow":["GET"]}}],"collection":[{"href":"https:\/\/cnnbra.com.br\/al\/wp-json\/wp\/v2\/posts"}],"about":[{"href":"https:\/\/cnnbra.com.br\/al\/wp-json\/wp\/v2\/types\/post"}],"author":[{"embeddable":true,"href":"https:\/\/cnnbra.com.br\/al\/wp-json\/wp\/v2\/users\/1"}],"replies":[{"embeddable":true,"href":"https:\/\/cnnbra.com.br\/al\/wp-json\/wp\/v2\/comments?post=4139"}],"version-history":[{"count":0,"href":"https:\/\/cnnbra.com.br\/al\/wp-json\/wp\/v2\/posts\/4139\/revisions"}],"wp:featuredmedia":[{"embeddable":true,"href":"https:\/\/cnnbra.com.br\/al\/wp-json\/wp\/v2\/media\/4138"}],"wp:attachment":[{"href":"https:\/\/cnnbra.com.br\/al\/wp-json\/wp\/v2\/media?parent=4139"}],"wp:term":[{"taxonomy":"category","embeddable":true,"href":"https:\/\/cnnbra.com.br\/al\/wp-json\/wp\/v2\/categories?post=4139"},{"taxonomy":"post_tag","embeddable":true,"href":"https:\/\/cnnbra.com.br\/al\/wp-json\/wp\/v2\/tags?post=4139"}],"curies":[{"name":"wp","href":"https:\/\/api.w.org\/{rel}","templated":true}]}}