{"id":4125,"date":"2026-07-15T03:10:27","date_gmt":"2026-07-15T03:10:27","guid":{"rendered":"https:\/\/cnnbra.com.br\/al\/blog\/2026\/07\/15\/governo-federal-deve-recorrer-ao-stf-sobre-pec-de-saude\/"},"modified":"2026-07-15T03:10:27","modified_gmt":"2026-07-15T03:10:27","slug":"governo-federal-deve-recorrer-ao-stf-sobre-pec-de-saude","status":"publish","type":"post","link":"https:\/\/cnnbra.com.br\/al\/blog\/2026\/07\/15\/governo-federal-deve-recorrer-ao-stf-sobre-pec-de-saude\/","title":{"rendered":"Governo federal deve recorrer ao STF sobre PEC de sa\u00fade"},"content":{"rendered":"<p>O governo federal se prepara para recorrer ao Supremo Tribunal Federal (STF) para contestar a PEC que estabelece regras especiais de aposentadoria para agentes comunit\u00e1rios de sa\u00fade e de combate a endemias. O an\u00fancio foi feito pelo ministro da Fazenda, Dario Durigan, nesta ter\u00e7a-feira (14).<\/p>\n<p>\\n<\/p>\n<p>Durigan ressaltou que a medida poder\u00e1 resultar em um impacto bilion\u00e1rio nas contas p\u00fablicas, entre R$ 27 bilh\u00f5es e R$ 30 bilh\u00f5es ao longo de dez anos. Ele argumenta que a proposta, aprovada pelo Senado, n\u00e3o aborda fontes de compensa\u00e7\u00e3o financeira, o que representa um descumprimento das exig\u00eancias legais e constitucionais.<\/p>\n<p>\\n<\/p>\n<p>A PEC introduz um regime previdenci\u00e1rio diferenciado para esses profissionais, permitindo aposentadorias ap\u00f3s 25 anos de trabalho, com idades m\u00ednimas de 57 anos para mulheres e 60 anos para homens, considerando as condi\u00e7\u00f5es espec\u00edficas de trabalho. O governo, por sua vez, segue em busca de di\u00e1logo com o Congresso para garantir a responsabilidade fiscal.<\/p>\n","protected":false},"excerpt":{"rendered":"<p>O governo federal se prepara para recorrer ao Supremo Tribunal Federal (STF) para contestar a PEC que estabelece regras especiais de aposentadoria para agentes comunit\u00e1rios de sa\u00fade e de combate a endemias. O an\u00fancio foi feito pelo ministro da Fazenda, Dario Durigan, nesta ter\u00e7a-feira (14). \\n Durigan ressaltou que a medida poder\u00e1 resultar em um [&hellip;]<\/p>\n","protected":false},"author":1,"featured_media":4124,"comment_status":"open","ping_status":"open","sticky":false,"template":"","format":"standard","meta":{"fifu_image_url":"","fifu_image_alt":"","footnotes":""},"categories":[11],"tags":[],"class_list":["post-4125","post","type-post","status-publish","format-standard","has-post-thumbnail","hentry","category-alagoas"],"_links":{"self":[{"href":"https:\/\/cnnbra.com.br\/al\/wp-json\/wp\/v2\/posts\/4125","targetHints":{"allow":["GET"]}}],"collection":[{"href":"https:\/\/cnnbra.com.br\/al\/wp-json\/wp\/v2\/posts"}],"about":[{"href":"https:\/\/cnnbra.com.br\/al\/wp-json\/wp\/v2\/types\/post"}],"author":[{"embeddable":true,"href":"https:\/\/cnnbra.com.br\/al\/wp-json\/wp\/v2\/users\/1"}],"replies":[{"embeddable":true,"href":"https:\/\/cnnbra.com.br\/al\/wp-json\/wp\/v2\/comments?post=4125"}],"version-history":[{"count":0,"href":"https:\/\/cnnbra.com.br\/al\/wp-json\/wp\/v2\/posts\/4125\/revisions"}],"wp:featuredmedia":[{"embeddable":true,"href":"https:\/\/cnnbra.com.br\/al\/wp-json\/wp\/v2\/media\/4124"}],"wp:attachment":[{"href":"https:\/\/cnnbra.com.br\/al\/wp-json\/wp\/v2\/media?parent=4125"}],"wp:term":[{"taxonomy":"category","embeddable":true,"href":"https:\/\/cnnbra.com.br\/al\/wp-json\/wp\/v2\/categories?post=4125"},{"taxonomy":"post_tag","embeddable":true,"href":"https:\/\/cnnbra.com.br\/al\/wp-json\/wp\/v2\/tags?post=4125"}],"curies":[{"name":"wp","href":"https:\/\/api.w.org\/{rel}","templated":true}]}}