{"id":4121,"date":"2026-07-15T03:09:49","date_gmt":"2026-07-15T03:09:49","guid":{"rendered":"https:\/\/cnnbra.com.br\/al\/blog\/2026\/07\/15\/ue-propoe-idade-minima-para-uso-de-redes-sociais-por-criancas\/"},"modified":"2026-07-15T03:09:49","modified_gmt":"2026-07-15T03:09:49","slug":"ue-propoe-idade-minima-para-uso-de-redes-sociais-por-criancas","status":"publish","type":"post","link":"https:\/\/cnnbra.com.br\/al\/blog\/2026\/07\/15\/ue-propoe-idade-minima-para-uso-de-redes-sociais-por-criancas\/","title":{"rendered":"UE prop\u00f5e idade m\u00ednima para uso de redes sociais por crian\u00e7as"},"content":{"rendered":"<p>A Comiss\u00e3o Europeia est\u00e1 preparando uma proposta que pode mudar o acesso de crian\u00e7as \u00e0s redes sociais em todos os 27 pa\u00edses membros. O objetivo \u00e9 estabelecer uma idade m\u00ednima, com um acesso &#8220;progressivo e gradual&#8221; de acordo com a faixa et\u00e1ria. A informa\u00e7\u00e3o foi divulgada pela presidente da Comiss\u00e3o, Ursula von der Leyen, e se baseia em recomenda\u00e7\u00f5es de especialistas em prote\u00e7\u00e3o infantil.<\/p>\n<p>\\n<\/p>\n<p>Os especialistas recomendam que crian\u00e7as menores de 3 anos n\u00e3o sejam expostas a telas. Para aquelas de 3 a 12 anos, o uso deve ser supervisionado por adultos, enquanto adolescentes entre 13 e 18 anos ter\u00e3o acesso mais aut\u00f4nomo. Al\u00e9m disso, as plataformas digitais devem implementar mecanismos eficazes de seguran\u00e7a.<\/p>\n<p>\\n<\/p>\n<p>O projeto busca uniformizar as regras entre os pa\u00edses do bloco, evitando a fragmenta\u00e7\u00e3o das regulamenta\u00e7\u00f5es. Essa quest\u00e3o \u00e9 particularmente relevante no Brasil e em Alagoas, onde tamb\u00e9m se discutem temas relacionados ao uso seguro da internet pelas crian\u00e7as. Com o aumento da preocupa\u00e7\u00e3o sobre seguran\u00e7a online, medidas locais podem ser inspiradas por essas diretrizes europeias.<\/p>\n","protected":false},"excerpt":{"rendered":"<p>A Comiss\u00e3o Europeia est\u00e1 preparando uma proposta que pode mudar o acesso de crian\u00e7as \u00e0s redes sociais em todos os 27 pa\u00edses membros. O objetivo \u00e9 estabelecer uma idade m\u00ednima, com um acesso &#8220;progressivo e gradual&#8221; de acordo com a faixa et\u00e1ria. A informa\u00e7\u00e3o foi divulgada pela presidente da Comiss\u00e3o, Ursula von der Leyen, e [&hellip;]<\/p>\n","protected":false},"author":1,"featured_media":4120,"comment_status":"open","ping_status":"open","sticky":false,"template":"","format":"standard","meta":{"fifu_image_url":"","fifu_image_alt":"","footnotes":""},"categories":[11],"tags":[],"class_list":["post-4121","post","type-post","status-publish","format-standard","has-post-thumbnail","hentry","category-alagoas"],"_links":{"self":[{"href":"https:\/\/cnnbra.com.br\/al\/wp-json\/wp\/v2\/posts\/4121","targetHints":{"allow":["GET"]}}],"collection":[{"href":"https:\/\/cnnbra.com.br\/al\/wp-json\/wp\/v2\/posts"}],"about":[{"href":"https:\/\/cnnbra.com.br\/al\/wp-json\/wp\/v2\/types\/post"}],"author":[{"embeddable":true,"href":"https:\/\/cnnbra.com.br\/al\/wp-json\/wp\/v2\/users\/1"}],"replies":[{"embeddable":true,"href":"https:\/\/cnnbra.com.br\/al\/wp-json\/wp\/v2\/comments?post=4121"}],"version-history":[{"count":0,"href":"https:\/\/cnnbra.com.br\/al\/wp-json\/wp\/v2\/posts\/4121\/revisions"}],"wp:featuredmedia":[{"embeddable":true,"href":"https:\/\/cnnbra.com.br\/al\/wp-json\/wp\/v2\/media\/4120"}],"wp:attachment":[{"href":"https:\/\/cnnbra.com.br\/al\/wp-json\/wp\/v2\/media?parent=4121"}],"wp:term":[{"taxonomy":"category","embeddable":true,"href":"https:\/\/cnnbra.com.br\/al\/wp-json\/wp\/v2\/categories?post=4121"},{"taxonomy":"post_tag","embeddable":true,"href":"https:\/\/cnnbra.com.br\/al\/wp-json\/wp\/v2\/tags?post=4121"}],"curies":[{"name":"wp","href":"https:\/\/api.w.org\/{rel}","templated":true}]}}