{"id":4119,"date":"2026-07-15T03:09:33","date_gmt":"2026-07-15T03:09:33","guid":{"rendered":"https:\/\/cnnbra.com.br\/al\/blog\/2026\/07\/15\/tarifas-dos-eua-mdic-destaca-injustica-em-reuniao-com-ustr\/"},"modified":"2026-07-15T03:09:33","modified_gmt":"2026-07-15T03:09:33","slug":"tarifas-dos-eua-mdic-destaca-injustica-em-reuniao-com-ustr","status":"publish","type":"post","link":"https:\/\/cnnbra.com.br\/al\/blog\/2026\/07\/15\/tarifas-dos-eua-mdic-destaca-injustica-em-reuniao-com-ustr\/","title":{"rendered":"Tarifas dos EUA: MDIC destaca injusti\u00e7a em reuni\u00e3o com USTR"},"content":{"rendered":"<p>No cen\u00e1rio de negocia\u00e7\u00f5es comerciais que se intensificam, o Minist\u00e9rio do Desenvolvimento, Ind\u00fastria, Com\u00e9rcio e Servi\u00e7os (MDIC) se reuniu nesta ter\u00e7a-feira, 14, com o Representante de Com\u00e9rcio dos EUA, Jamieson Greer. O encontro teve como pauta central as tarifas que o governo americano pode impor a produtos brasileiros.<\/p>\n<p>\\n<\/p>\n<p>A data limite para a decis\u00e3o do governo dos EUA sobre a aplica\u00e7\u00e3o das tarifas \u00e9 esta quarta-feira, 15. O MDIC reafirmou o car\u00e1ter injusto das sobretaxas de 25% e 12,5%, que prejudicam diretamente a economia brasileira, impactando o com\u00e9rcio e a ind\u00fastria em estados como Alagoas, especialmente nas cidades de Macei\u00f3 e Arapiraca, onde a produ\u00e7\u00e3o local pode ser afetada.<\/p>\n<p>\\n<\/p>\n<p>Desde maio, Brasil e EUA t\u00eam dialogado para esclarecer as acusa\u00e7\u00f5es de pr\u00e1ticas comerciais desleais, incluindo quest\u00f5es ambientais como o desmatamento. Para o MDIC, a aplica\u00e7\u00e3o das tarifas n\u00e3o \u00e9 o caminho para um acordo bilateral justo, o que poderia estimular a economia em Macei\u00f3 e demais regi\u00f5es alagoanas.<\/p>\n","protected":false},"excerpt":{"rendered":"<p>No cen\u00e1rio de negocia\u00e7\u00f5es comerciais que se intensificam, o Minist\u00e9rio do Desenvolvimento, Ind\u00fastria, Com\u00e9rcio e Servi\u00e7os (MDIC) se reuniu nesta ter\u00e7a-feira, 14, com o Representante de Com\u00e9rcio dos EUA, Jamieson Greer. O encontro teve como pauta central as tarifas que o governo americano pode impor a produtos brasileiros. \\n A data limite para a decis\u00e3o [&hellip;]<\/p>\n","protected":false},"author":1,"featured_media":4118,"comment_status":"open","ping_status":"open","sticky":false,"template":"","format":"standard","meta":{"fifu_image_url":"","fifu_image_alt":"","footnotes":""},"categories":[11],"tags":[],"class_list":["post-4119","post","type-post","status-publish","format-standard","has-post-thumbnail","hentry","category-alagoas"],"_links":{"self":[{"href":"https:\/\/cnnbra.com.br\/al\/wp-json\/wp\/v2\/posts\/4119","targetHints":{"allow":["GET"]}}],"collection":[{"href":"https:\/\/cnnbra.com.br\/al\/wp-json\/wp\/v2\/posts"}],"about":[{"href":"https:\/\/cnnbra.com.br\/al\/wp-json\/wp\/v2\/types\/post"}],"author":[{"embeddable":true,"href":"https:\/\/cnnbra.com.br\/al\/wp-json\/wp\/v2\/users\/1"}],"replies":[{"embeddable":true,"href":"https:\/\/cnnbra.com.br\/al\/wp-json\/wp\/v2\/comments?post=4119"}],"version-history":[{"count":0,"href":"https:\/\/cnnbra.com.br\/al\/wp-json\/wp\/v2\/posts\/4119\/revisions"}],"wp:featuredmedia":[{"embeddable":true,"href":"https:\/\/cnnbra.com.br\/al\/wp-json\/wp\/v2\/media\/4118"}],"wp:attachment":[{"href":"https:\/\/cnnbra.com.br\/al\/wp-json\/wp\/v2\/media?parent=4119"}],"wp:term":[{"taxonomy":"category","embeddable":true,"href":"https:\/\/cnnbra.com.br\/al\/wp-json\/wp\/v2\/categories?post=4119"},{"taxonomy":"post_tag","embeddable":true,"href":"https:\/\/cnnbra.com.br\/al\/wp-json\/wp\/v2\/tags?post=4119"}],"curies":[{"name":"wp","href":"https:\/\/api.w.org\/{rel}","templated":true}]}}