{"id":4117,"date":"2026-07-15T03:09:13","date_gmt":"2026-07-15T03:09:13","guid":{"rendered":"https:\/\/cnnbra.com.br\/al\/blog\/2026\/07\/15\/caminhoneiros-e-agronegocio-celebram-aprovacao-da-mp-do-frete\/"},"modified":"2026-07-15T03:09:13","modified_gmt":"2026-07-15T03:09:13","slug":"caminhoneiros-e-agronegocio-celebram-aprovacao-da-mp-do-frete","status":"publish","type":"post","link":"https:\/\/cnnbra.com.br\/al\/blog\/2026\/07\/15\/caminhoneiros-e-agronegocio-celebram-aprovacao-da-mp-do-frete\/","title":{"rendered":"Caminhoneiros e Agroneg\u00f3cio Celebram Aprova\u00e7\u00e3o da MP do Frete"},"content":{"rendered":"<p>Representantes do agroneg\u00f3cio e motoristas de caminh\u00e3o est\u00e3o em clima de festa ap\u00f3s a aprova\u00e7\u00e3o da Medida Provis\u00f3ria 1.343 de 2026, a conhecida MP do Frete, no Congresso. O relator da proposta, deputado Z\u00e9 Trov\u00e3o (PL-SC), destacou a manuten\u00e7\u00e3o da anistia para motoristas e empresas multados por bloqueios nas rodovias ap\u00f3s as elei\u00e7\u00f5es de 2022.<\/p>\n<p>\\n<\/p>\n<p>A medida, que endurece a fiscaliza\u00e7\u00e3o e proporciona garantias financeiras aos caminhoneiros, foi aprovada enquanto a categoria realizava uma paralisa\u00e7\u00e3o para pressionar por sua aprova\u00e7\u00e3o. O presidente da Abrava, Wallace Landim, conhecido como Chor\u00e3o, anunciou o fim da greve e expressou que a vit\u00f3ria veio ap\u00f3s uma luta intensa.<\/p>\n<p>\\n<\/p>\n<p>No entanto, o l\u00edder do Governo no Congresso, Randolfe Rodrigues (PT-AP), indicou que o presidente Luiz In\u00e1cio Lula da Silva deve vetar a anistia. De qualquer forma, a FPA (Frente Parlamentar da Agropecu\u00e1ria) elogiou a converg\u00eancia dos interesses entre os setores e a mitiga\u00e7\u00e3o dos impactos sobre o agroneg\u00f3cio.<\/p>\n<p>\\n<\/p>\n<h2>Principais Mudan\u00e7as e Implica\u00e7\u00f5es<\/h2>\n<p>\\n<\/p>\n<p>O projeto manteve as multas aos caminhoneiros que bloquearam rodovias, mas o trecho deve ser vetado. Al\u00e9m disso, novas regras estabelecem que a fixa\u00e7\u00e3o de pisos salariais deve ser feita por acordos e conven\u00e7\u00f5es coletivas, evitando um valor nominal na lei, o que pode impactar motoristas em todo o estado.<\/p>\n<p>\\n<\/p>\n<p>Os alagoanos que dependem de frete e transporte devem ficar atentos \u00e0s novas regras de remunera\u00e7\u00e3o e fiscaliza\u00e7\u00e3o, que podem influenciar diretamente os pre\u00e7os e a disponibilidade de produtos nas feiras e supermercados da regi\u00e3o.<\/p>\n","protected":false},"excerpt":{"rendered":"<p>Representantes do agroneg\u00f3cio e motoristas de caminh\u00e3o est\u00e3o em clima de festa ap\u00f3s a aprova\u00e7\u00e3o da Medida Provis\u00f3ria 1.343 de 2026, a conhecida MP do Frete, no Congresso. O relator da proposta, deputado Z\u00e9 Trov\u00e3o (PL-SC), destacou a manuten\u00e7\u00e3o da anistia para motoristas e empresas multados por bloqueios nas rodovias ap\u00f3s as elei\u00e7\u00f5es de 2022. [&hellip;]<\/p>\n","protected":false},"author":1,"featured_media":4116,"comment_status":"open","ping_status":"open","sticky":false,"template":"","format":"standard","meta":{"fifu_image_url":"","fifu_image_alt":"","footnotes":""},"categories":[11],"tags":[],"class_list":["post-4117","post","type-post","status-publish","format-standard","has-post-thumbnail","hentry","category-alagoas"],"_links":{"self":[{"href":"https:\/\/cnnbra.com.br\/al\/wp-json\/wp\/v2\/posts\/4117","targetHints":{"allow":["GET"]}}],"collection":[{"href":"https:\/\/cnnbra.com.br\/al\/wp-json\/wp\/v2\/posts"}],"about":[{"href":"https:\/\/cnnbra.com.br\/al\/wp-json\/wp\/v2\/types\/post"}],"author":[{"embeddable":true,"href":"https:\/\/cnnbra.com.br\/al\/wp-json\/wp\/v2\/users\/1"}],"replies":[{"embeddable":true,"href":"https:\/\/cnnbra.com.br\/al\/wp-json\/wp\/v2\/comments?post=4117"}],"version-history":[{"count":0,"href":"https:\/\/cnnbra.com.br\/al\/wp-json\/wp\/v2\/posts\/4117\/revisions"}],"wp:featuredmedia":[{"embeddable":true,"href":"https:\/\/cnnbra.com.br\/al\/wp-json\/wp\/v2\/media\/4116"}],"wp:attachment":[{"href":"https:\/\/cnnbra.com.br\/al\/wp-json\/wp\/v2\/media?parent=4117"}],"wp:term":[{"taxonomy":"category","embeddable":true,"href":"https:\/\/cnnbra.com.br\/al\/wp-json\/wp\/v2\/categories?post=4117"},{"taxonomy":"post_tag","embeddable":true,"href":"https:\/\/cnnbra.com.br\/al\/wp-json\/wp\/v2\/tags?post=4117"}],"curies":[{"name":"wp","href":"https:\/\/api.w.org\/{rel}","templated":true}]}}