{"id":4109,"date":"2026-07-15T00:09:56","date_gmt":"2026-07-15T00:09:56","guid":{"rendered":"https:\/\/cnnbra.com.br\/al\/blog\/2026\/07\/15\/eliminacao-da-franca-cherki-deixa-entrevista-irritado\/"},"modified":"2026-07-15T00:09:56","modified_gmt":"2026-07-15T00:09:56","slug":"eliminacao-da-franca-cherki-deixa-entrevista-irritado","status":"publish","type":"post","link":"https:\/\/cnnbra.com.br\/al\/blog\/2026\/07\/15\/eliminacao-da-franca-cherki-deixa-entrevista-irritado\/","title":{"rendered":"Elimina\u00e7\u00e3o da Fran\u00e7a: Cherki deixa entrevista irritado"},"content":{"rendered":"<p>A Fran\u00e7a se despediu da Copa do Mundo de 2026 ap\u00f3s uma derrota por 2 a 0 para a Espanha, nesta ter\u00e7a-feira, 14. O meio-campista Rayan Cherki n\u00e3o conseguiu esconder sua frustra\u00e7\u00e3o com a elimina\u00e7\u00e3o. Durante a entrevista, ele declarou: &#8220;Uma decep\u00e7\u00e3o imensa porque perdemos contra n\u00f3s mesmos&#8221;.<\/p>\n<p>\\n<\/p>\n<p>Cherki reconheceu a superioridade espanhola e admitiu que o time franc\u00eas teve dificuldade em controlar o jogo. &#8220;A \u00fanica equipe capaz de nos eliminar \u00e9ramos n\u00f3s&#8221;, afirmou o jogador, que tem f\u00e3s no Brasil e, claro, em Alagoas.<\/p>\n<p>\\n<\/p>\n<p>A situa\u00e7\u00e3o se agravou quando Cherki foi questionado sobre sua participa\u00e7\u00e3o no jogo. Sua resposta ir\u00f4nica ao jornalista fez com que ele deixasse a sala de entrevistas abruptamente, evidenciando o impacto emocional da derrota. O clima entre os torcedores alagoanos, que estavam esperan\u00e7osos pelo sucesso da sele\u00e7\u00e3o, agora \u00e9 de des\u00e2nimo.<\/p>\n","protected":false},"excerpt":{"rendered":"<p>A Fran\u00e7a se despediu da Copa do Mundo de 2026 ap\u00f3s uma derrota por 2 a 0 para a Espanha, nesta ter\u00e7a-feira, 14. O meio-campista Rayan Cherki n\u00e3o conseguiu esconder sua frustra\u00e7\u00e3o com a elimina\u00e7\u00e3o. Durante a entrevista, ele declarou: &#8220;Uma decep\u00e7\u00e3o imensa porque perdemos contra n\u00f3s mesmos&#8221;. \\n Cherki reconheceu a superioridade espanhola e [&hellip;]<\/p>\n","protected":false},"author":1,"featured_media":4108,"comment_status":"open","ping_status":"open","sticky":false,"template":"","format":"standard","meta":{"fifu_image_url":"","fifu_image_alt":"","footnotes":""},"categories":[11],"tags":[],"class_list":["post-4109","post","type-post","status-publish","format-standard","has-post-thumbnail","hentry","category-alagoas"],"_links":{"self":[{"href":"https:\/\/cnnbra.com.br\/al\/wp-json\/wp\/v2\/posts\/4109","targetHints":{"allow":["GET"]}}],"collection":[{"href":"https:\/\/cnnbra.com.br\/al\/wp-json\/wp\/v2\/posts"}],"about":[{"href":"https:\/\/cnnbra.com.br\/al\/wp-json\/wp\/v2\/types\/post"}],"author":[{"embeddable":true,"href":"https:\/\/cnnbra.com.br\/al\/wp-json\/wp\/v2\/users\/1"}],"replies":[{"embeddable":true,"href":"https:\/\/cnnbra.com.br\/al\/wp-json\/wp\/v2\/comments?post=4109"}],"version-history":[{"count":0,"href":"https:\/\/cnnbra.com.br\/al\/wp-json\/wp\/v2\/posts\/4109\/revisions"}],"wp:featuredmedia":[{"embeddable":true,"href":"https:\/\/cnnbra.com.br\/al\/wp-json\/wp\/v2\/media\/4108"}],"wp:attachment":[{"href":"https:\/\/cnnbra.com.br\/al\/wp-json\/wp\/v2\/media?parent=4109"}],"wp:term":[{"taxonomy":"category","embeddable":true,"href":"https:\/\/cnnbra.com.br\/al\/wp-json\/wp\/v2\/categories?post=4109"},{"taxonomy":"post_tag","embeddable":true,"href":"https:\/\/cnnbra.com.br\/al\/wp-json\/wp\/v2\/tags?post=4109"}],"curies":[{"name":"wp","href":"https:\/\/api.w.org\/{rel}","templated":true}]}}