{"id":4105,"date":"2026-07-15T00:09:17","date_gmt":"2026-07-15T00:09:17","guid":{"rendered":"https:\/\/cnnbra.com.br\/al\/blog\/2026\/07\/15\/valdemar-afirma-que-presidentes-de-partidos-devem-comandar-emendas\/"},"modified":"2026-07-15T00:09:17","modified_gmt":"2026-07-15T00:09:17","slug":"valdemar-afirma-que-presidentes-de-partidos-devem-comandar-emendas","status":"publish","type":"post","link":"https:\/\/cnnbra.com.br\/al\/blog\/2026\/07\/15\/valdemar-afirma-que-presidentes-de-partidos-devem-comandar-emendas\/","title":{"rendered":"Valdemar afirma que presidentes de partidos devem comandar emendas"},"content":{"rendered":"<p>O presidente do PL, Valdemar Costa Neto, afirmou que \u00e9 &#8220;l\u00f3gico&#8221; que dirigentes partid\u00e1rios participem da distribui\u00e7\u00e3o de emendas parlamentares. Em entrevista \u00e0 GloboNews, ele ressaltou que essa pr\u00e1tica \u00e9 comum entre as legendas e que cumpre um papel fundamental na liaison entre as demandas locais e a distribui\u00e7\u00e3o de recursos.<\/p>\n<p>\\n<\/p>\n<p>Valdemar est\u00e1 no centro de uma investiga\u00e7\u00e3o da Pol\u00edcia Federal, que aponta que ele direcionou R$ 119 milh\u00f5es em emendas, mesmo sem ocupar um cargo eletivo. Ele defendeu que essa fun\u00e7\u00e3o \u00e9 natural para os presidentes de partidos, afirmando que apenas eles t\u00eam uma vis\u00e3o abrangente das necessidades do Brasil.<\/p>\n<p>\\n<\/p>\n<p>Durante a conversa, Valdemar explicou que, muitas vezes, deputados cedem parte de suas emendas para a dire\u00e7\u00e3o do partido atender a necessidades de munic\u00edpios que n\u00e3o t\u00eam representa\u00e7\u00e3o. Ele citou o exemplo do ex-deputado Tiririca, que buscava orienta\u00e7\u00e3o sobre como proceder com seus recursos, evidenciando a din\u00e2mica de colabora\u00e7\u00e3o entre os colegas.<\/p>\n","protected":false},"excerpt":{"rendered":"<p>O presidente do PL, Valdemar Costa Neto, afirmou que \u00e9 &#8220;l\u00f3gico&#8221; que dirigentes partid\u00e1rios participem da distribui\u00e7\u00e3o de emendas parlamentares. Em entrevista \u00e0 GloboNews, ele ressaltou que essa pr\u00e1tica \u00e9 comum entre as legendas e que cumpre um papel fundamental na liaison entre as demandas locais e a distribui\u00e7\u00e3o de recursos. \\n Valdemar est\u00e1 no [&hellip;]<\/p>\n","protected":false},"author":1,"featured_media":4104,"comment_status":"open","ping_status":"open","sticky":false,"template":"","format":"standard","meta":{"fifu_image_url":"","fifu_image_alt":"","footnotes":""},"categories":[11],"tags":[],"class_list":["post-4105","post","type-post","status-publish","format-standard","has-post-thumbnail","hentry","category-alagoas"],"_links":{"self":[{"href":"https:\/\/cnnbra.com.br\/al\/wp-json\/wp\/v2\/posts\/4105","targetHints":{"allow":["GET"]}}],"collection":[{"href":"https:\/\/cnnbra.com.br\/al\/wp-json\/wp\/v2\/posts"}],"about":[{"href":"https:\/\/cnnbra.com.br\/al\/wp-json\/wp\/v2\/types\/post"}],"author":[{"embeddable":true,"href":"https:\/\/cnnbra.com.br\/al\/wp-json\/wp\/v2\/users\/1"}],"replies":[{"embeddable":true,"href":"https:\/\/cnnbra.com.br\/al\/wp-json\/wp\/v2\/comments?post=4105"}],"version-history":[{"count":0,"href":"https:\/\/cnnbra.com.br\/al\/wp-json\/wp\/v2\/posts\/4105\/revisions"}],"wp:featuredmedia":[{"embeddable":true,"href":"https:\/\/cnnbra.com.br\/al\/wp-json\/wp\/v2\/media\/4104"}],"wp:attachment":[{"href":"https:\/\/cnnbra.com.br\/al\/wp-json\/wp\/v2\/media?parent=4105"}],"wp:term":[{"taxonomy":"category","embeddable":true,"href":"https:\/\/cnnbra.com.br\/al\/wp-json\/wp\/v2\/categories?post=4105"},{"taxonomy":"post_tag","embeddable":true,"href":"https:\/\/cnnbra.com.br\/al\/wp-json\/wp\/v2\/tags?post=4105"}],"curies":[{"name":"wp","href":"https:\/\/api.w.org\/{rel}","templated":true}]}}