{"id":4092,"date":"2026-07-14T19:31:01","date_gmt":"2026-07-14T19:31:01","guid":{"rendered":"https:\/\/cnnbra.com.br\/al\/blog\/2026\/07\/14\/carlos-portinho-e-escolhido-pelo-pl-para-senado-no-rio-de-janeiro\/"},"modified":"2026-07-14T19:31:01","modified_gmt":"2026-07-14T19:31:01","slug":"carlos-portinho-e-escolhido-pelo-pl-para-senado-no-rio-de-janeiro","status":"publish","type":"post","link":"https:\/\/cnnbra.com.br\/al\/blog\/2026\/07\/14\/carlos-portinho-e-escolhido-pelo-pl-para-senado-no-rio-de-janeiro\/","title":{"rendered":"Carlos Portinho \u00e9 escolhido pelo PL para Senado no Rio de Janeiro"},"content":{"rendered":"<p>O PL anunciou que o senador Carlos Portinho ir\u00e1 disputar uma das vagas ao Senado no Rio de Janeiro. A mudan\u00e7a ocorreu ap\u00f3s a desist\u00eancia do ex-governador Cl\u00e1udio Castro, que renunciou \u00e0 candidatura diante de investiga\u00e7\u00f5es da Pol\u00edcia Federal.<\/p>\n<p>\\n<\/p>\n<p>Essa decis\u00e3o levanta quest\u00f5es sobre os impactos nas elei\u00e7\u00f5es, especialmente considerando a proximidade do pleito e a necessidade de apoio popular. Devemos acompanhar como essa nova escolha do PL ressoar\u00e1 entre os eleitores fluminenses.<\/p>\n<p>\\n<\/p>\n<p>Embora o foco esteja no Rio, a movimenta\u00e7\u00e3o pol\u00edtica pode repercutir em todo o cen\u00e1rio nacional, incluindo aqui em Alagoas, onde coliga\u00e7\u00f5es e decis\u00f5es estrat\u00e9gicas influenciam no desenrolar das campanhas.<\/p>\n","protected":false},"excerpt":{"rendered":"<p>O PL anunciou que o senador Carlos Portinho ir\u00e1 disputar uma das vagas ao Senado no Rio de Janeiro. A mudan\u00e7a ocorreu ap\u00f3s a desist\u00eancia do ex-governador Cl\u00e1udio Castro, que renunciou \u00e0 candidatura diante de investiga\u00e7\u00f5es da Pol\u00edcia Federal. \\n Essa decis\u00e3o levanta quest\u00f5es sobre os impactos nas elei\u00e7\u00f5es, especialmente considerando a proximidade do pleito [&hellip;]<\/p>\n","protected":false},"author":1,"featured_media":4091,"comment_status":"open","ping_status":"open","sticky":false,"template":"","format":"standard","meta":{"fifu_image_url":"","fifu_image_alt":"","footnotes":""},"categories":[11],"tags":[],"class_list":["post-4092","post","type-post","status-publish","format-standard","has-post-thumbnail","hentry","category-alagoas"],"_links":{"self":[{"href":"https:\/\/cnnbra.com.br\/al\/wp-json\/wp\/v2\/posts\/4092","targetHints":{"allow":["GET"]}}],"collection":[{"href":"https:\/\/cnnbra.com.br\/al\/wp-json\/wp\/v2\/posts"}],"about":[{"href":"https:\/\/cnnbra.com.br\/al\/wp-json\/wp\/v2\/types\/post"}],"author":[{"embeddable":true,"href":"https:\/\/cnnbra.com.br\/al\/wp-json\/wp\/v2\/users\/1"}],"replies":[{"embeddable":true,"href":"https:\/\/cnnbra.com.br\/al\/wp-json\/wp\/v2\/comments?post=4092"}],"version-history":[{"count":0,"href":"https:\/\/cnnbra.com.br\/al\/wp-json\/wp\/v2\/posts\/4092\/revisions"}],"wp:featuredmedia":[{"embeddable":true,"href":"https:\/\/cnnbra.com.br\/al\/wp-json\/wp\/v2\/media\/4091"}],"wp:attachment":[{"href":"https:\/\/cnnbra.com.br\/al\/wp-json\/wp\/v2\/media?parent=4092"}],"wp:term":[{"taxonomy":"category","embeddable":true,"href":"https:\/\/cnnbra.com.br\/al\/wp-json\/wp\/v2\/categories?post=4092"},{"taxonomy":"post_tag","embeddable":true,"href":"https:\/\/cnnbra.com.br\/al\/wp-json\/wp\/v2\/tags?post=4092"}],"curies":[{"name":"wp","href":"https:\/\/api.w.org\/{rel}","templated":true}]}}