{"id":4080,"date":"2026-07-14T18:10:14","date_gmt":"2026-07-14T18:10:14","guid":{"rendered":"https:\/\/cnnbra.com.br\/al\/blog\/2026\/07\/14\/eduardo-bolsonaro-pede-volta-de-magnitsky-apos-decisao-de-moraes\/"},"modified":"2026-07-14T18:10:14","modified_gmt":"2026-07-14T18:10:14","slug":"eduardo-bolsonaro-pede-volta-de-magnitsky-apos-decisao-de-moraes","status":"publish","type":"post","link":"https:\/\/cnnbra.com.br\/al\/blog\/2026\/07\/14\/eduardo-bolsonaro-pede-volta-de-magnitsky-apos-decisao-de-moraes\/","title":{"rendered":"Eduardo Bolsonaro pede volta de Magnitsky ap\u00f3s decis\u00e3o de Moraes"},"content":{"rendered":"<p>O cen\u00e1rio pol\u00edtico em Bras\u00edlia continua movimentado e agora envolve o ex-deputado federal Eduardo Bolsonaro (PL-SP). Recentemente, ele fez um apelo para que o ministro do Supremo Tribunal Federal, Alexandre de Moraes, seja reintegrado \u00e0 lista de san\u00e7\u00f5es do Ato Magnitsky. Essa proposta surge ap\u00f3s Moraes suspender as visitas do deputado Fl\u00e1vio Bolsonaro a seu pai, o ex-presidente Jair Bolsonaro.<\/p>\n<p>\\n<\/p>\n<p>A situa\u00e7\u00e3o n\u00e3o apenas agita o cen\u00e1rio nacional, mas tamb\u00e9m provoca reflex\u00f5es em Alagoas sobre a din\u00e2mica pol\u00edtica que envolve figuras proeminentes do pa\u00eds. As decis\u00f5es do STF impactam a todos, e o estado sonda as repercuss\u00f5es que estas a\u00e7\u00f5es podem trazer, especialmente em um momento em que as fam\u00edlias pol\u00edticas tentam rearticular suas alian\u00e7as.<\/p>\n<p>\\n<\/p>\n<p>Com tens\u00e3o crescente entre os poderes, a popula\u00e7\u00e3o alagoana observa atentamente, uma vez que as tramoias pol\u00edticas frequentemente reverberam em quest\u00f5es locais e elegem novos discursos nas elei\u00e7\u00f5es que se aproximam.<\/p>\n","protected":false},"excerpt":{"rendered":"<p>O cen\u00e1rio pol\u00edtico em Bras\u00edlia continua movimentado e agora envolve o ex-deputado federal Eduardo Bolsonaro (PL-SP). Recentemente, ele fez um apelo para que o ministro do Supremo Tribunal Federal, Alexandre de Moraes, seja reintegrado \u00e0 lista de san\u00e7\u00f5es do Ato Magnitsky. Essa proposta surge ap\u00f3s Moraes suspender as visitas do deputado Fl\u00e1vio Bolsonaro a seu [&hellip;]<\/p>\n","protected":false},"author":1,"featured_media":4079,"comment_status":"open","ping_status":"open","sticky":false,"template":"","format":"standard","meta":{"fifu_image_url":"","fifu_image_alt":"","footnotes":""},"categories":[11],"tags":[],"class_list":["post-4080","post","type-post","status-publish","format-standard","has-post-thumbnail","hentry","category-alagoas"],"_links":{"self":[{"href":"https:\/\/cnnbra.com.br\/al\/wp-json\/wp\/v2\/posts\/4080","targetHints":{"allow":["GET"]}}],"collection":[{"href":"https:\/\/cnnbra.com.br\/al\/wp-json\/wp\/v2\/posts"}],"about":[{"href":"https:\/\/cnnbra.com.br\/al\/wp-json\/wp\/v2\/types\/post"}],"author":[{"embeddable":true,"href":"https:\/\/cnnbra.com.br\/al\/wp-json\/wp\/v2\/users\/1"}],"replies":[{"embeddable":true,"href":"https:\/\/cnnbra.com.br\/al\/wp-json\/wp\/v2\/comments?post=4080"}],"version-history":[{"count":0,"href":"https:\/\/cnnbra.com.br\/al\/wp-json\/wp\/v2\/posts\/4080\/revisions"}],"wp:featuredmedia":[{"embeddable":true,"href":"https:\/\/cnnbra.com.br\/al\/wp-json\/wp\/v2\/media\/4079"}],"wp:attachment":[{"href":"https:\/\/cnnbra.com.br\/al\/wp-json\/wp\/v2\/media?parent=4080"}],"wp:term":[{"taxonomy":"category","embeddable":true,"href":"https:\/\/cnnbra.com.br\/al\/wp-json\/wp\/v2\/categories?post=4080"},{"taxonomy":"post_tag","embeddable":true,"href":"https:\/\/cnnbra.com.br\/al\/wp-json\/wp\/v2\/tags?post=4080"}],"curies":[{"name":"wp","href":"https:\/\/api.w.org\/{rel}","templated":true}]}}