{"id":4078,"date":"2026-07-14T18:09:56","date_gmt":"2026-07-14T18:09:56","guid":{"rendered":"https:\/\/cnnbra.com.br\/al\/blog\/2026\/07\/14\/pedro-emanuel-assume-vasco-e-promete-evitar-rebaixamento\/"},"modified":"2026-07-14T18:09:56","modified_gmt":"2026-07-14T18:09:56","slug":"pedro-emanuel-assume-vasco-e-promete-evitar-rebaixamento","status":"publish","type":"post","link":"https:\/\/cnnbra.com.br\/al\/blog\/2026\/07\/14\/pedro-emanuel-assume-vasco-e-promete-evitar-rebaixamento\/","title":{"rendered":"Pedro Emanuel assume Vasco e promete evitar rebaixamento"},"content":{"rendered":"<p>Pedro Emanuel foi oficialmente apresentado como o novo t\u00e9cnico do Vasco nesta segunda-feira. Durante sua primeira coletiva, o portugu\u00eas deixou claro o seu objetivo: tirar a equipe da zona de rebaixamento.<\/p>\n<p> \\n<\/p>\n<p>O cen\u00e1rio atual do Vasco \u00e9 preocupante para os torcedores, e a expectativa em torno da chegada de um novo comando \u00e9 grande, principalmente para aqueles que acompanham o futebol alagoano.<\/p>\n<p> \\n<\/p>\n<p>Com passagens por clubes de peso, Emanuel acredita que pode implementar mudan\u00e7as que garantam melhores resultados. Torcedores de Macei\u00f3, Arapiraca e toda Alagoas torcem para que essa nova fase traga esperan\u00e7as e vit\u00f3rias ao time.<\/p>\n","protected":false},"excerpt":{"rendered":"<p>Pedro Emanuel foi oficialmente apresentado como o novo t\u00e9cnico do Vasco nesta segunda-feira. Durante sua primeira coletiva, o portugu\u00eas deixou claro o seu objetivo: tirar a equipe da zona de rebaixamento. \\n O cen\u00e1rio atual do Vasco \u00e9 preocupante para os torcedores, e a expectativa em torno da chegada de um novo comando \u00e9 grande, [&hellip;]<\/p>\n","protected":false},"author":1,"featured_media":4077,"comment_status":"open","ping_status":"open","sticky":false,"template":"","format":"standard","meta":{"fifu_image_url":"","fifu_image_alt":"","footnotes":""},"categories":[11],"tags":[],"class_list":["post-4078","post","type-post","status-publish","format-standard","has-post-thumbnail","hentry","category-alagoas"],"_links":{"self":[{"href":"https:\/\/cnnbra.com.br\/al\/wp-json\/wp\/v2\/posts\/4078","targetHints":{"allow":["GET"]}}],"collection":[{"href":"https:\/\/cnnbra.com.br\/al\/wp-json\/wp\/v2\/posts"}],"about":[{"href":"https:\/\/cnnbra.com.br\/al\/wp-json\/wp\/v2\/types\/post"}],"author":[{"embeddable":true,"href":"https:\/\/cnnbra.com.br\/al\/wp-json\/wp\/v2\/users\/1"}],"replies":[{"embeddable":true,"href":"https:\/\/cnnbra.com.br\/al\/wp-json\/wp\/v2\/comments?post=4078"}],"version-history":[{"count":0,"href":"https:\/\/cnnbra.com.br\/al\/wp-json\/wp\/v2\/posts\/4078\/revisions"}],"wp:featuredmedia":[{"embeddable":true,"href":"https:\/\/cnnbra.com.br\/al\/wp-json\/wp\/v2\/media\/4077"}],"wp:attachment":[{"href":"https:\/\/cnnbra.com.br\/al\/wp-json\/wp\/v2\/media?parent=4078"}],"wp:term":[{"taxonomy":"category","embeddable":true,"href":"https:\/\/cnnbra.com.br\/al\/wp-json\/wp\/v2\/categories?post=4078"},{"taxonomy":"post_tag","embeddable":true,"href":"https:\/\/cnnbra.com.br\/al\/wp-json\/wp\/v2\/tags?post=4078"}],"curies":[{"name":"wp","href":"https:\/\/api.w.org\/{rel}","templated":true}]}}