{"id":4074,"date":"2026-07-14T18:09:13","date_gmt":"2026-07-14T18:09:13","guid":{"rendered":"https:\/\/cnnbra.com.br\/al\/blog\/2026\/07\/14\/blackwashing-entenda-como-o-antirracismo-de-aparencia-age\/"},"modified":"2026-07-14T18:09:13","modified_gmt":"2026-07-14T18:09:13","slug":"blackwashing-entenda-como-o-antirracismo-de-aparencia-age","status":"publish","type":"post","link":"https:\/\/cnnbra.com.br\/al\/blog\/2026\/07\/14\/blackwashing-entenda-como-o-antirracismo-de-aparencia-age\/","title":{"rendered":"Blackwashing: Entenda como o antirracismo de apar\u00eancia age"},"content":{"rendered":"<p>Um novo estudo da ONG ACT Promo\u00e7\u00e3o da Sa\u00fade traz \u00e0 tona o conceito de blackwashing, identificado como uma t\u00e1tica em que empresas utilizam o discurso antirracista apenas para fins lucrativos. O levantamento questiona: de fato, as corpora\u00e7\u00f5es est\u00e3o comprometidas com a causa racial?<\/p>\n<p>\\n<\/p>\n<p>O termo, equivalente a v\u00e1rias outras formas de &#8216;lavagem&#8217;, indica uma maquiagem da diversidade racial nas pr\u00e1ticas corporativas. Em ess\u00eancia, blackwashing se refere a estrat\u00e9gias que n\u00e3o apenas falham em abordar as iniquidades raciais, mas que tamb\u00e9m buscam disfar\u00e7\u00e1-las.<\/p>\n<p>\\n<\/p>\n<p>Os pesquisadores identificaram diferentes formas de blackwashing, como a divulga\u00e7\u00e3o seletiva e pol\u00edticas vazias, que enganam a sociedade com promessas de mudan\u00e7as que nunca se concretizam. Al\u00e9m disso, evidenciam a baixa representatividade de pessoas negras em cargos de lideran\u00e7a nas empresas brasileiras, mesmo representando mais da metade da popula\u00e7\u00e3o.<\/p>\n<p>\\n<\/p>\n<h2>Desafios e caminhos para a equidade<\/h2>\n<p>\\n<\/p>\n<p>O estudo enfatiza que denunciar o blackwashing n\u00e3o \u00e9 suficiente; \u00e9 necess\u00e1ria uma reestrutura\u00e7\u00e3o que v\u00e1 al\u00e9m de iniciativas superficiais. As empresas devem adotar compromissos reais com a diversidade e justi\u00e7a racial, questionando seus pr\u00f3prios padr\u00f5es e pr\u00e1ticas.<\/p>\n","protected":false},"excerpt":{"rendered":"<p>Um novo estudo da ONG ACT Promo\u00e7\u00e3o da Sa\u00fade traz \u00e0 tona o conceito de blackwashing, identificado como uma t\u00e1tica em que empresas utilizam o discurso antirracista apenas para fins lucrativos. O levantamento questiona: de fato, as corpora\u00e7\u00f5es est\u00e3o comprometidas com a causa racial? \\n O termo, equivalente a v\u00e1rias outras formas de &#8216;lavagem&#8217;, indica [&hellip;]<\/p>\n","protected":false},"author":1,"featured_media":4073,"comment_status":"open","ping_status":"open","sticky":false,"template":"","format":"standard","meta":{"fifu_image_url":"","fifu_image_alt":"","footnotes":""},"categories":[11],"tags":[],"class_list":["post-4074","post","type-post","status-publish","format-standard","has-post-thumbnail","hentry","category-alagoas"],"_links":{"self":[{"href":"https:\/\/cnnbra.com.br\/al\/wp-json\/wp\/v2\/posts\/4074","targetHints":{"allow":["GET"]}}],"collection":[{"href":"https:\/\/cnnbra.com.br\/al\/wp-json\/wp\/v2\/posts"}],"about":[{"href":"https:\/\/cnnbra.com.br\/al\/wp-json\/wp\/v2\/types\/post"}],"author":[{"embeddable":true,"href":"https:\/\/cnnbra.com.br\/al\/wp-json\/wp\/v2\/users\/1"}],"replies":[{"embeddable":true,"href":"https:\/\/cnnbra.com.br\/al\/wp-json\/wp\/v2\/comments?post=4074"}],"version-history":[{"count":0,"href":"https:\/\/cnnbra.com.br\/al\/wp-json\/wp\/v2\/posts\/4074\/revisions"}],"wp:featuredmedia":[{"embeddable":true,"href":"https:\/\/cnnbra.com.br\/al\/wp-json\/wp\/v2\/media\/4073"}],"wp:attachment":[{"href":"https:\/\/cnnbra.com.br\/al\/wp-json\/wp\/v2\/media?parent=4074"}],"wp:term":[{"taxonomy":"category","embeddable":true,"href":"https:\/\/cnnbra.com.br\/al\/wp-json\/wp\/v2\/categories?post=4074"},{"taxonomy":"post_tag","embeddable":true,"href":"https:\/\/cnnbra.com.br\/al\/wp-json\/wp\/v2\/tags?post=4074"}],"curies":[{"name":"wp","href":"https:\/\/api.w.org\/{rel}","templated":true}]}}