{"id":4068,"date":"2026-07-14T16:50:02","date_gmt":"2026-07-14T16:50:02","guid":{"rendered":"https:\/\/cnnbra.com.br\/al\/blog\/2026\/07\/14\/maceio-lanca-plataforma-para-cursos-de-capacitacao-de-servidores\/"},"modified":"2026-07-14T16:50:02","modified_gmt":"2026-07-14T16:50:02","slug":"maceio-lanca-plataforma-para-cursos-de-capacitacao-de-servidores","status":"publish","type":"post","link":"https:\/\/cnnbra.com.br\/al\/blog\/2026\/07\/14\/maceio-lanca-plataforma-para-cursos-de-capacitacao-de-servidores\/","title":{"rendered":"Macei\u00f3 lan\u00e7a plataforma para cursos de capacita\u00e7\u00e3o de servidores"},"content":{"rendered":"<p>A Prefeitura de Macei\u00f3 apresentou uma nova plataforma digital para inscri\u00e7\u00f5es em cursos de capacita\u00e7\u00e3o destinados aos servidores municipais. A iniciativa visa aumentar o acesso a atividades de desenvolvimento profissional promovidas pela gest\u00e3o.<\/p>\n<p>\\n<\/p>\n<p>A plataforma j\u00e1 est\u00e1 com inscri\u00e7\u00f5es abertas para o curso &#8216;Compet\u00eancias Socioemocionais&#8217; e para a mesa-redonda &#8216;A NR-1 e Seus Desafios na Sa\u00fade do Trabalhador&#8217;. As inscri\u00e7\u00f5es podem ser realizadas nos canais oficiais da Secretaria Municipal de Gest\u00e3o (Semge) e da Escola de Governo, com vagas limitadas.<\/p>\n<p>\\n<\/p>\n<p>As capacita\u00e7\u00f5es ocorrer\u00e3o presencialmente no Audit\u00f3rio da OAB, localizado no Centro de Macei\u00f3. A programa\u00e7\u00e3o se inicia no dia 21 de julho com a mesa-redonda e segue no dia 22 com o curso mencionado. Cada atividade ter\u00e1 80 vagas, e os que cumprirem os crit\u00e9rios receber\u00e3o um certificado.<\/p>\n<p>\\n<\/p>\n<h2>Compromisso com a capacita\u00e7\u00e3o<\/h2>\n<p>\\n<\/p>\n<p>Felipe Holanda, secret\u00e1rio adjunto da Escola de Forma\u00e7\u00e3o e Desenvolvimento Pessoal da Semge, afirmou que o lan\u00e7amento da plataforma \u00e9 uma demonstra\u00e7\u00e3o do compromisso da gest\u00e3o municipal em valorizar os servidores. \u201cInvestir em capacita\u00e7\u00e3o \u00e9 investir nas pessoas que atuam na administra\u00e7\u00e3o p\u00fablica\u201d, ressaltou.<\/p>\n<p>\\n<\/p>\n<p>Holanda tamb\u00e9m destacou que a qualifica\u00e7\u00f5es cont\u00ednuas refletem na qualidade dos servi\u00e7os oferecidos \u00e0 popula\u00e7\u00e3o. \u201cServidores mais bem preparados promovem servi\u00e7os p\u00fablicos mais eficazes e humanizados\u201d, finalizou, enfatizando a meta de construir uma administra\u00e7\u00e3o p\u00fablica apta a atender as demandas de Macei\u00f3 com qualidade.<\/p>\n","protected":false},"excerpt":{"rendered":"<p>A Prefeitura de Macei\u00f3 apresentou uma nova plataforma digital para inscri\u00e7\u00f5es em cursos de capacita\u00e7\u00e3o destinados aos servidores municipais. A iniciativa visa aumentar o acesso a atividades de desenvolvimento profissional promovidas pela gest\u00e3o. \\n A plataforma j\u00e1 est\u00e1 com inscri\u00e7\u00f5es abertas para o curso &#8216;Compet\u00eancias Socioemocionais&#8217; e para a mesa-redonda &#8216;A NR-1 e Seus Desafios [&hellip;]<\/p>\n","protected":false},"author":1,"featured_media":4067,"comment_status":"open","ping_status":"open","sticky":false,"template":"","format":"standard","meta":{"fifu_image_url":"","fifu_image_alt":"","footnotes":""},"categories":[11],"tags":[],"class_list":["post-4068","post","type-post","status-publish","format-standard","has-post-thumbnail","hentry","category-alagoas"],"_links":{"self":[{"href":"https:\/\/cnnbra.com.br\/al\/wp-json\/wp\/v2\/posts\/4068","targetHints":{"allow":["GET"]}}],"collection":[{"href":"https:\/\/cnnbra.com.br\/al\/wp-json\/wp\/v2\/posts"}],"about":[{"href":"https:\/\/cnnbra.com.br\/al\/wp-json\/wp\/v2\/types\/post"}],"author":[{"embeddable":true,"href":"https:\/\/cnnbra.com.br\/al\/wp-json\/wp\/v2\/users\/1"}],"replies":[{"embeddable":true,"href":"https:\/\/cnnbra.com.br\/al\/wp-json\/wp\/v2\/comments?post=4068"}],"version-history":[{"count":0,"href":"https:\/\/cnnbra.com.br\/al\/wp-json\/wp\/v2\/posts\/4068\/revisions"}],"wp:featuredmedia":[{"embeddable":true,"href":"https:\/\/cnnbra.com.br\/al\/wp-json\/wp\/v2\/media\/4067"}],"wp:attachment":[{"href":"https:\/\/cnnbra.com.br\/al\/wp-json\/wp\/v2\/media?parent=4068"}],"wp:term":[{"taxonomy":"category","embeddable":true,"href":"https:\/\/cnnbra.com.br\/al\/wp-json\/wp\/v2\/categories?post=4068"},{"taxonomy":"post_tag","embeddable":true,"href":"https:\/\/cnnbra.com.br\/al\/wp-json\/wp\/v2\/tags?post=4068"}],"curies":[{"name":"wp","href":"https:\/\/api.w.org\/{rel}","templated":true}]}}