{"id":4058,"date":"2026-07-14T13:59:50","date_gmt":"2026-07-14T13:59:50","guid":{"rendered":"https:\/\/cnnbra.com.br\/al\/blog\/2026\/07\/14\/morte-de-imigrantes-nos-eua-reacende-debate-sobre-ice\/"},"modified":"2026-07-14T13:59:50","modified_gmt":"2026-07-14T13:59:50","slug":"morte-de-imigrantes-nos-eua-reacende-debate-sobre-ice","status":"publish","type":"post","link":"https:\/\/cnnbra.com.br\/al\/blog\/2026\/07\/14\/morte-de-imigrantes-nos-eua-reacende-debate-sobre-ice\/","title":{"rendered":"Morte de imigrantes nos EUA reacende debate sobre ICE"},"content":{"rendered":"<p>Nos \u00faltimos dias, o ICE, a pol\u00edcia de imigra\u00e7\u00e3o dos Estados Unidos, voltou a ser alvo de cr\u00edticas ap\u00f3s a morte de dois imigrantes em opera\u00e7\u00f5es que refletem a pol\u00eamica abordagem do governo Trump em rela\u00e7\u00e3o \u00e0 imigra\u00e7\u00e3o. Esta situa\u00e7\u00e3o pode provocar reflex\u00f5es entre os alagoanos, especialmente considerando a crescente di\u00e1spora de brasileiros para o exterior.<\/p>\n<p>\\n<\/p>\n<p>Na segunda-feira, um agente de imigra\u00e7\u00e3o matou um colombiano em Biddeford, Maine, desencadeando uma onda de protestos e coment\u00e1rios de indigna\u00e7\u00e3o. Em um epis\u00f3dio similar, um mexicano foi baleado em Houston na semana passada. As mortes levantam quest\u00f5es sobre a condu\u00e7\u00e3o de opera\u00e7\u00f5es e a seguran\u00e7a de estrangeiros em solo americano.<\/p>\n<p>\\n<\/p>\n<p>A situa\u00e7\u00e3o preocupa muitos alagoanos que possuem familiares ou amigos vivendo nos Estados Unidos. A diretora-executiva da organiza\u00e7\u00e3o Presente Maine argumentou que as v\u00edtimas merecem mais do que ser n\u00fameros em estat\u00edsticas e demandam justi\u00e7a e esclarecimentos sobre os epis\u00f3dios tr\u00e1gicos.<\/p>\n","protected":false},"excerpt":{"rendered":"<p>Nos \u00faltimos dias, o ICE, a pol\u00edcia de imigra\u00e7\u00e3o dos Estados Unidos, voltou a ser alvo de cr\u00edticas ap\u00f3s a morte de dois imigrantes em opera\u00e7\u00f5es que refletem a pol\u00eamica abordagem do governo Trump em rela\u00e7\u00e3o \u00e0 imigra\u00e7\u00e3o. Esta situa\u00e7\u00e3o pode provocar reflex\u00f5es entre os alagoanos, especialmente considerando a crescente di\u00e1spora de brasileiros para o [&hellip;]<\/p>\n","protected":false},"author":1,"featured_media":4057,"comment_status":"open","ping_status":"open","sticky":false,"template":"","format":"standard","meta":{"fifu_image_url":"","fifu_image_alt":"","footnotes":""},"categories":[11],"tags":[],"class_list":["post-4058","post","type-post","status-publish","format-standard","has-post-thumbnail","hentry","category-alagoas"],"_links":{"self":[{"href":"https:\/\/cnnbra.com.br\/al\/wp-json\/wp\/v2\/posts\/4058","targetHints":{"allow":["GET"]}}],"collection":[{"href":"https:\/\/cnnbra.com.br\/al\/wp-json\/wp\/v2\/posts"}],"about":[{"href":"https:\/\/cnnbra.com.br\/al\/wp-json\/wp\/v2\/types\/post"}],"author":[{"embeddable":true,"href":"https:\/\/cnnbra.com.br\/al\/wp-json\/wp\/v2\/users\/1"}],"replies":[{"embeddable":true,"href":"https:\/\/cnnbra.com.br\/al\/wp-json\/wp\/v2\/comments?post=4058"}],"version-history":[{"count":0,"href":"https:\/\/cnnbra.com.br\/al\/wp-json\/wp\/v2\/posts\/4058\/revisions"}],"wp:featuredmedia":[{"embeddable":true,"href":"https:\/\/cnnbra.com.br\/al\/wp-json\/wp\/v2\/media\/4057"}],"wp:attachment":[{"href":"https:\/\/cnnbra.com.br\/al\/wp-json\/wp\/v2\/media?parent=4058"}],"wp:term":[{"taxonomy":"category","embeddable":true,"href":"https:\/\/cnnbra.com.br\/al\/wp-json\/wp\/v2\/categories?post=4058"},{"taxonomy":"post_tag","embeddable":true,"href":"https:\/\/cnnbra.com.br\/al\/wp-json\/wp\/v2\/tags?post=4058"}],"curies":[{"name":"wp","href":"https:\/\/api.w.org\/{rel}","templated":true}]}}