{"id":4056,"date":"2026-07-14T13:30:55","date_gmt":"2026-07-14T13:30:55","guid":{"rendered":"https:\/\/cnnbra.com.br\/al\/blog\/2026\/07\/14\/gominho-faz-declaracao-publica-e-fas-especulam-sobre-namoro\/"},"modified":"2026-07-14T13:30:55","modified_gmt":"2026-07-14T13:30:55","slug":"gominho-faz-declaracao-publica-e-fas-especulam-sobre-namoro","status":"publish","type":"post","link":"https:\/\/cnnbra.com.br\/al\/blog\/2026\/07\/14\/gominho-faz-declaracao-publica-e-fas-especulam-sobre-namoro\/","title":{"rendered":"Gominho faz declara\u00e7\u00e3o p\u00fablica e f\u00e3s especulam sobre namoro"},"content":{"rendered":"<p>O apresentador Gominho, de 37 anos, surpreendeu seus seguidores ao fazer uma declara\u00e7\u00e3o rom\u00e2ntica nas redes sociais. Durante uma postagem, ele se referiu a um rapaz de maneira carinhosa, gerando especula\u00e7\u00f5es sobre um poss\u00edvel relacionamento. Os alagoanos, que acompanham o artista desde sua carreira na TV, repercutiram a novidade.<\/p>\n<p>\\n<\/p>\n<p>Muitos f\u00e3s interpretaram a mensagem como uma confirma\u00e7\u00e3o de namoro, destacando a sintonia entre os dois. A intera\u00e7\u00e3o nas redes sociais rapidamente se encheu de coment\u00e1rios positivos, refletindo o carinho do p\u00fablico por Gominho, que \u00e9 uma figura querida em Macei\u00f3 e no cen\u00e1rio nacional.<\/p>\n<p>\\n<\/p>\n<p>A declara\u00e7\u00e3o traz \u00e0 tona um tema relevante sobre amor e relacionamentos na atualidade, fazendo com que os admiradores se identifiquem ainda mais com a trajet\u00f3ria do apresentador, que luta pela aceita\u00e7\u00e3o e visibilidade dentro da comunidade LGBTQIA+.<\/p>\n","protected":false},"excerpt":{"rendered":"<p>O apresentador Gominho, de 37 anos, surpreendeu seus seguidores ao fazer uma declara\u00e7\u00e3o rom\u00e2ntica nas redes sociais. Durante uma postagem, ele se referiu a um rapaz de maneira carinhosa, gerando especula\u00e7\u00f5es sobre um poss\u00edvel relacionamento. Os alagoanos, que acompanham o artista desde sua carreira na TV, repercutiram a novidade. \\n Muitos f\u00e3s interpretaram a mensagem [&hellip;]<\/p>\n","protected":false},"author":1,"featured_media":4055,"comment_status":"open","ping_status":"open","sticky":false,"template":"","format":"standard","meta":{"fifu_image_url":"","fifu_image_alt":"","footnotes":""},"categories":[11],"tags":[],"class_list":["post-4056","post","type-post","status-publish","format-standard","has-post-thumbnail","hentry","category-alagoas"],"_links":{"self":[{"href":"https:\/\/cnnbra.com.br\/al\/wp-json\/wp\/v2\/posts\/4056","targetHints":{"allow":["GET"]}}],"collection":[{"href":"https:\/\/cnnbra.com.br\/al\/wp-json\/wp\/v2\/posts"}],"about":[{"href":"https:\/\/cnnbra.com.br\/al\/wp-json\/wp\/v2\/types\/post"}],"author":[{"embeddable":true,"href":"https:\/\/cnnbra.com.br\/al\/wp-json\/wp\/v2\/users\/1"}],"replies":[{"embeddable":true,"href":"https:\/\/cnnbra.com.br\/al\/wp-json\/wp\/v2\/comments?post=4056"}],"version-history":[{"count":0,"href":"https:\/\/cnnbra.com.br\/al\/wp-json\/wp\/v2\/posts\/4056\/revisions"}],"wp:featuredmedia":[{"embeddable":true,"href":"https:\/\/cnnbra.com.br\/al\/wp-json\/wp\/v2\/media\/4055"}],"wp:attachment":[{"href":"https:\/\/cnnbra.com.br\/al\/wp-json\/wp\/v2\/media?parent=4056"}],"wp:term":[{"taxonomy":"category","embeddable":true,"href":"https:\/\/cnnbra.com.br\/al\/wp-json\/wp\/v2\/categories?post=4056"},{"taxonomy":"post_tag","embeddable":true,"href":"https:\/\/cnnbra.com.br\/al\/wp-json\/wp\/v2\/tags?post=4056"}],"curies":[{"name":"wp","href":"https:\/\/api.w.org\/{rel}","templated":true}]}}