{"id":4044,"date":"2026-07-14T12:10:02","date_gmt":"2026-07-14T12:10:02","guid":{"rendered":"https:\/\/cnnbra.com.br\/al\/blog\/2026\/07\/14\/racismo-no-futebol-reacoes-e-consequencias-vao-alem-do-jogo\/"},"modified":"2026-07-14T12:10:02","modified_gmt":"2026-07-14T12:10:02","slug":"racismo-no-futebol-reacoes-e-consequencias-vao-alem-do-jogo","status":"publish","type":"post","link":"https:\/\/cnnbra.com.br\/al\/blog\/2026\/07\/14\/racismo-no-futebol-reacoes-e-consequencias-vao-alem-do-jogo\/","title":{"rendered":"Racismo no futebol: rea\u00e7\u00f5es e consequ\u00eancias v\u00e3o al\u00e9m do jogo"},"content":{"rendered":"<p>V\u00eddeos nas redes sociais mostram a sele\u00e7\u00e3o francesa de futebol treinando em clima de descontra\u00e7\u00e3o antes de enfrentar a Espanha, em uma das semifinais da Copa do Mundo 2026. A disputa ocorrer\u00e1 nesta ter\u00e7a-feira (14), nos Estados Unidos, e definir\u00e1 um dos finalistas do mundial. Por\u00e9m, fora dos gramados, o clima \u00e9 de seriedade, com jogadores e autoridades se unindo para repudiar declara\u00e7\u00f5es racistas contra a equipe francesa.<\/p>\n<p>\\n<\/p>\n<p>O ex-primeiro-ministro espanhol Mariano Rajoy fez coment\u00e1rios depreciativos sobre a presen\u00e7a de jogadores negros na sele\u00e7\u00e3o francesa, o que gerou uma onda de rea\u00e7\u00f5es entre atletas e l\u00edderes pol\u00edticos. O atual primeiro-ministro da Espanha, Pedro S\u00e1nchez, repudiou as declara\u00e7\u00f5es, afirmando que elas s\u00e3o vergonhosas e ressaltando que o racismo n\u00e3o deve ter espa\u00e7o, especialmente em um evento que deveria celebrar a uni\u00e3o e a diversidade.<\/p>\n<p>\\n<\/p>\n<p>Al\u00e9m disso, a FIFA revelou um aumento alarmante de ataques racistas durante a Copa, com 89 mil publica\u00e7\u00f5es abusivas, sendo 11% com car\u00e1ter racial. Organiza\u00e7\u00f5es brasileiras, como o Observat\u00f3rio da Discrimina\u00e7\u00e3o Racial no Futebol, destacam que o fen\u00f4meno \u00e9 parte de um contexto maior da ascens\u00e3o da extrema-direita global, que se sente encorajada a fazer tais afirma\u00e7\u00f5es. A luta contra esse comportamento vai al\u00e9m do futebol, refletindo a necessidade de uma postura firme contra a discrimina\u00e7\u00e3o em todos os n\u00edveis da sociedade.<\/p>\n","protected":false},"excerpt":{"rendered":"<p>V\u00eddeos nas redes sociais mostram a sele\u00e7\u00e3o francesa de futebol treinando em clima de descontra\u00e7\u00e3o antes de enfrentar a Espanha, em uma das semifinais da Copa do Mundo 2026. A disputa ocorrer\u00e1 nesta ter\u00e7a-feira (14), nos Estados Unidos, e definir\u00e1 um dos finalistas do mundial. Por\u00e9m, fora dos gramados, o clima \u00e9 de seriedade, com [&hellip;]<\/p>\n","protected":false},"author":1,"featured_media":4043,"comment_status":"open","ping_status":"open","sticky":false,"template":"","format":"standard","meta":{"fifu_image_url":"","fifu_image_alt":"","footnotes":""},"categories":[11],"tags":[],"class_list":["post-4044","post","type-post","status-publish","format-standard","has-post-thumbnail","hentry","category-alagoas"],"_links":{"self":[{"href":"https:\/\/cnnbra.com.br\/al\/wp-json\/wp\/v2\/posts\/4044","targetHints":{"allow":["GET"]}}],"collection":[{"href":"https:\/\/cnnbra.com.br\/al\/wp-json\/wp\/v2\/posts"}],"about":[{"href":"https:\/\/cnnbra.com.br\/al\/wp-json\/wp\/v2\/types\/post"}],"author":[{"embeddable":true,"href":"https:\/\/cnnbra.com.br\/al\/wp-json\/wp\/v2\/users\/1"}],"replies":[{"embeddable":true,"href":"https:\/\/cnnbra.com.br\/al\/wp-json\/wp\/v2\/comments?post=4044"}],"version-history":[{"count":0,"href":"https:\/\/cnnbra.com.br\/al\/wp-json\/wp\/v2\/posts\/4044\/revisions"}],"wp:featuredmedia":[{"embeddable":true,"href":"https:\/\/cnnbra.com.br\/al\/wp-json\/wp\/v2\/media\/4043"}],"wp:attachment":[{"href":"https:\/\/cnnbra.com.br\/al\/wp-json\/wp\/v2\/media?parent=4044"}],"wp:term":[{"taxonomy":"category","embeddable":true,"href":"https:\/\/cnnbra.com.br\/al\/wp-json\/wp\/v2\/categories?post=4044"},{"taxonomy":"post_tag","embeddable":true,"href":"https:\/\/cnnbra.com.br\/al\/wp-json\/wp\/v2\/tags?post=4044"}],"curies":[{"name":"wp","href":"https:\/\/api.w.org\/{rel}","templated":true}]}}