{"id":4040,"date":"2026-07-14T12:09:29","date_gmt":"2026-07-14T12:09:29","guid":{"rendered":"https:\/\/cnnbra.com.br\/al\/blog\/2026\/07\/14\/operacao-contencao-combate-comando-vermelho-na-cidade-de-deus\/"},"modified":"2026-07-14T12:09:29","modified_gmt":"2026-07-14T12:09:29","slug":"operacao-contencao-combate-comando-vermelho-na-cidade-de-deus","status":"publish","type":"post","link":"https:\/\/cnnbra.com.br\/al\/blog\/2026\/07\/14\/operacao-contencao-combate-comando-vermelho-na-cidade-de-deus\/","title":{"rendered":"Opera\u00e7\u00e3o Conten\u00e7\u00e3o combate Comando Vermelho na Cidade de Deus"},"content":{"rendered":"<p>A Pol\u00edcia Civil do Rio de Janeiro deflagrou uma nova fase da Opera\u00e7\u00e3o Conten\u00e7\u00e3o, focando no Comando Vermelho (CV) nas comunidades Cidade de Deus e Vila Sap\u00ea, em Jacarepagu\u00e1. O objetivo principal \u00e9 desmantelar a estrutura da fac\u00e7\u00e3o e reduzir os \u00edndices de criminalidade, principalmente os roubos de ve\u00edculos.<\/p>\n<p>\\n<\/p>\n<p>Durante a a\u00e7\u00e3o, cinco pessoas foram presas e seis fuzis apreendidos. A opera\u00e7\u00e3o conta com a participa\u00e7\u00e3o de unidades reais, como o Departamento-Geral de Pol\u00edcia Especializada (DGPE) e o Comando de Opera\u00e7\u00f5es Especiais (COE), entre outros. A Delegacia de Roubos e Furtos de Autom\u00f3veis revelou a atua\u00e7\u00e3o do CV em diversos crimes patrimoniais nessa regi\u00e3o.<\/p>\n<p>\\n<\/p>\n<p>A ofensiva busca n\u00e3o s\u00f3 combater o tr\u00e1fico de drogas, mas tamb\u00e9m a prote\u00e7\u00e3o dos integrantes da fac\u00e7\u00e3o. A continuidade dessas a\u00e7\u00f5es \u00e9 vital para evitar que o avan\u00e7o do crime organizado tenha reflexos em Alagoas e em outros estados.<\/p>\n","protected":false},"excerpt":{"rendered":"<p>A Pol\u00edcia Civil do Rio de Janeiro deflagrou uma nova fase da Opera\u00e7\u00e3o Conten\u00e7\u00e3o, focando no Comando Vermelho (CV) nas comunidades Cidade de Deus e Vila Sap\u00ea, em Jacarepagu\u00e1. O objetivo principal \u00e9 desmantelar a estrutura da fac\u00e7\u00e3o e reduzir os \u00edndices de criminalidade, principalmente os roubos de ve\u00edculos. \\n Durante a a\u00e7\u00e3o, cinco pessoas [&hellip;]<\/p>\n","protected":false},"author":1,"featured_media":4039,"comment_status":"open","ping_status":"open","sticky":false,"template":"","format":"standard","meta":{"fifu_image_url":"","fifu_image_alt":"","footnotes":""},"categories":[11],"tags":[],"class_list":["post-4040","post","type-post","status-publish","format-standard","has-post-thumbnail","hentry","category-alagoas"],"_links":{"self":[{"href":"https:\/\/cnnbra.com.br\/al\/wp-json\/wp\/v2\/posts\/4040","targetHints":{"allow":["GET"]}}],"collection":[{"href":"https:\/\/cnnbra.com.br\/al\/wp-json\/wp\/v2\/posts"}],"about":[{"href":"https:\/\/cnnbra.com.br\/al\/wp-json\/wp\/v2\/types\/post"}],"author":[{"embeddable":true,"href":"https:\/\/cnnbra.com.br\/al\/wp-json\/wp\/v2\/users\/1"}],"replies":[{"embeddable":true,"href":"https:\/\/cnnbra.com.br\/al\/wp-json\/wp\/v2\/comments?post=4040"}],"version-history":[{"count":0,"href":"https:\/\/cnnbra.com.br\/al\/wp-json\/wp\/v2\/posts\/4040\/revisions"}],"wp:featuredmedia":[{"embeddable":true,"href":"https:\/\/cnnbra.com.br\/al\/wp-json\/wp\/v2\/media\/4039"}],"wp:attachment":[{"href":"https:\/\/cnnbra.com.br\/al\/wp-json\/wp\/v2\/media?parent=4040"}],"wp:term":[{"taxonomy":"category","embeddable":true,"href":"https:\/\/cnnbra.com.br\/al\/wp-json\/wp\/v2\/categories?post=4040"},{"taxonomy":"post_tag","embeddable":true,"href":"https:\/\/cnnbra.com.br\/al\/wp-json\/wp\/v2\/tags?post=4040"}],"curies":[{"name":"wp","href":"https:\/\/api.w.org\/{rel}","templated":true}]}}