{"id":4009,"date":"2026-07-14T06:09:18","date_gmt":"2026-07-14T06:09:18","guid":{"rendered":"https:\/\/cnnbra.com.br\/al\/blog\/2026\/07\/14\/eca-completa-36-anos-avancos-e-desafios-na-protecao-infantil\/"},"modified":"2026-07-14T06:09:18","modified_gmt":"2026-07-14T06:09:18","slug":"eca-completa-36-anos-avancos-e-desafios-na-protecao-infantil","status":"publish","type":"post","link":"https:\/\/cnnbra.com.br\/al\/blog\/2026\/07\/14\/eca-completa-36-anos-avancos-e-desafios-na-protecao-infantil\/","title":{"rendered":"ECA completa 36 anos: avan\u00e7os e desafios na prote\u00e7\u00e3o infantil"},"content":{"rendered":"<p>No \u00faltimo dia 13, o Brasil celebrou os 36 anos do Estatuto da Crian\u00e7a e do Adolescente (ECA), um marco na defesa dos direitos infantojuvenis. Essa data d\u00e1 in\u00edcio a uma semana de reflex\u00f5es sobre pol\u00edticas p\u00fablicas que visam proteger nossas crian\u00e7as e adolescentes, especialmente em Alagoas.<\/p>\n<p>\\n<\/p>\n<p>Desde a implementa\u00e7\u00e3o do ECA, que prioriza a prote\u00e7\u00e3o de menores, o Brasil viu avan\u00e7os significativos, como a redu\u00e7\u00e3o da mortalidade infantil e a universaliza\u00e7\u00e3o do ensino fundamental. Por\u00e9m, importantes lacunas ainda existem. De acordo com especialistas, a falta de monitoramento de recursos destinados a essa faixa et\u00e1ria \u00e9 um dos principais desafios atuais.<\/p>\n<p>\\n<\/p>\n<p>Al\u00e9m das conquistas, quest\u00f5es preocupantes surgem, como os riscos digitais e a viol\u00eancia que crian\u00e7as e adolescentes enfrentam atualmente. A necessidade de pol\u00edticas mais eficazes, como as sugeridas pelo ECA Digital, \u00e9 urgente. O fortalecimento de pol\u00edticas preventivas \u00e9 essencial para garantir um future seguro e digno para as novas gera\u00e7\u00f5es alagoanas.<\/p>\n","protected":false},"excerpt":{"rendered":"<p>No \u00faltimo dia 13, o Brasil celebrou os 36 anos do Estatuto da Crian\u00e7a e do Adolescente (ECA), um marco na defesa dos direitos infantojuvenis. Essa data d\u00e1 in\u00edcio a uma semana de reflex\u00f5es sobre pol\u00edticas p\u00fablicas que visam proteger nossas crian\u00e7as e adolescentes, especialmente em Alagoas. \\n Desde a implementa\u00e7\u00e3o do ECA, que prioriza [&hellip;]<\/p>\n","protected":false},"author":1,"featured_media":4008,"comment_status":"open","ping_status":"open","sticky":false,"template":"","format":"standard","meta":{"fifu_image_url":"","fifu_image_alt":"","footnotes":""},"categories":[11],"tags":[],"class_list":["post-4009","post","type-post","status-publish","format-standard","has-post-thumbnail","hentry","category-alagoas"],"_links":{"self":[{"href":"https:\/\/cnnbra.com.br\/al\/wp-json\/wp\/v2\/posts\/4009","targetHints":{"allow":["GET"]}}],"collection":[{"href":"https:\/\/cnnbra.com.br\/al\/wp-json\/wp\/v2\/posts"}],"about":[{"href":"https:\/\/cnnbra.com.br\/al\/wp-json\/wp\/v2\/types\/post"}],"author":[{"embeddable":true,"href":"https:\/\/cnnbra.com.br\/al\/wp-json\/wp\/v2\/users\/1"}],"replies":[{"embeddable":true,"href":"https:\/\/cnnbra.com.br\/al\/wp-json\/wp\/v2\/comments?post=4009"}],"version-history":[{"count":0,"href":"https:\/\/cnnbra.com.br\/al\/wp-json\/wp\/v2\/posts\/4009\/revisions"}],"wp:featuredmedia":[{"embeddable":true,"href":"https:\/\/cnnbra.com.br\/al\/wp-json\/wp\/v2\/media\/4008"}],"wp:attachment":[{"href":"https:\/\/cnnbra.com.br\/al\/wp-json\/wp\/v2\/media?parent=4009"}],"wp:term":[{"taxonomy":"category","embeddable":true,"href":"https:\/\/cnnbra.com.br\/al\/wp-json\/wp\/v2\/categories?post=4009"},{"taxonomy":"post_tag","embeddable":true,"href":"https:\/\/cnnbra.com.br\/al\/wp-json\/wp\/v2\/tags?post=4009"}],"curies":[{"name":"wp","href":"https:\/\/api.w.org\/{rel}","templated":true}]}}