{"id":3995,"date":"2026-07-14T03:09:13","date_gmt":"2026-07-14T03:09:13","guid":{"rendered":"https:\/\/cnnbra.com.br\/al\/blog\/2026\/07\/14\/zanin-leu-carta-de-lula-em-2019-durante-prisao-do-presidente\/"},"modified":"2026-07-14T03:09:13","modified_gmt":"2026-07-14T03:09:13","slug":"zanin-leu-carta-de-lula-em-2019-durante-prisao-do-presidente","status":"publish","type":"post","link":"https:\/\/cnnbra.com.br\/al\/blog\/2026\/07\/14\/zanin-leu-carta-de-lula-em-2019-durante-prisao-do-presidente\/","title":{"rendered":"Zanin leu carta de Lula em 2019 durante pris\u00e3o do presidente"},"content":{"rendered":"<p>O ministro do Supremo Tribunal Federal, Cristiano Zanin, relembrou um momento marcante da pol\u00edtica brasileira ao ler, em 2019, uma carta escrita por Luiz In\u00e1cio Lula da Silva, ent\u00e3o preso em Curitiba. Naquela \u00e9poca, Zanin era advogado de Lula antes de assumir seu cargo no STF, em junho de 2023, no terceiro mandato do petista.<\/p>\n<p>\\n<\/p>\n<p>Na carta, Lula rejeitava a proposta de progress\u00e3o de regime para o semiaberto, afirmando que n\u00e3o trocaria sua &#8220;dignidade&#8221; pela &#8220;liberdade&#8221;. O conte\u00fado da mensagem voltou \u00e0 tona ap\u00f3s a suspens\u00e3o de visitas do senador Fl\u00e1vio Bolsonaro ao pai, Jair Bolsonaro, tamb\u00e9m ex-presidente, ressaltando a import\u00e2ncia e o impacto das comunica\u00e7\u00f5es de pol\u00edticos em situa\u00e7\u00f5es de pris\u00e3o.<\/p>\n<p>\\n<\/p>\n<p>As situa\u00e7\u00f5es, apesar de similares na leitura p\u00fablica das cartas, t\u00eam contextos jur\u00eddicos diferentes. Enquanto Lula n\u00e3o tinha restri\u00e7\u00f5es quanto \u00e0 sua comunica\u00e7\u00e3o, Jair Bolsonaro enfrenta proibi\u00e7\u00f5es severas, o que levanta quest\u00f5es sobre a liberdade de express\u00e3o em tempos de crise pol\u00edtica. No cen\u00e1rio atual, como essas quest\u00f5es podem ressoar aqui em Alagoas e o reflexo nas elei\u00e7\u00f5es e articula\u00e7\u00f5es pol\u00edticas locais?<\/p>\n","protected":false},"excerpt":{"rendered":"<p>O ministro do Supremo Tribunal Federal, Cristiano Zanin, relembrou um momento marcante da pol\u00edtica brasileira ao ler, em 2019, uma carta escrita por Luiz In\u00e1cio Lula da Silva, ent\u00e3o preso em Curitiba. Naquela \u00e9poca, Zanin era advogado de Lula antes de assumir seu cargo no STF, em junho de 2023, no terceiro mandato do petista. [&hellip;]<\/p>\n","protected":false},"author":1,"featured_media":3994,"comment_status":"open","ping_status":"open","sticky":false,"template":"","format":"standard","meta":{"fifu_image_url":"","fifu_image_alt":"","footnotes":""},"categories":[11],"tags":[],"class_list":["post-3995","post","type-post","status-publish","format-standard","has-post-thumbnail","hentry","category-alagoas"],"_links":{"self":[{"href":"https:\/\/cnnbra.com.br\/al\/wp-json\/wp\/v2\/posts\/3995","targetHints":{"allow":["GET"]}}],"collection":[{"href":"https:\/\/cnnbra.com.br\/al\/wp-json\/wp\/v2\/posts"}],"about":[{"href":"https:\/\/cnnbra.com.br\/al\/wp-json\/wp\/v2\/types\/post"}],"author":[{"embeddable":true,"href":"https:\/\/cnnbra.com.br\/al\/wp-json\/wp\/v2\/users\/1"}],"replies":[{"embeddable":true,"href":"https:\/\/cnnbra.com.br\/al\/wp-json\/wp\/v2\/comments?post=3995"}],"version-history":[{"count":0,"href":"https:\/\/cnnbra.com.br\/al\/wp-json\/wp\/v2\/posts\/3995\/revisions"}],"wp:featuredmedia":[{"embeddable":true,"href":"https:\/\/cnnbra.com.br\/al\/wp-json\/wp\/v2\/media\/3994"}],"wp:attachment":[{"href":"https:\/\/cnnbra.com.br\/al\/wp-json\/wp\/v2\/media?parent=3995"}],"wp:term":[{"taxonomy":"category","embeddable":true,"href":"https:\/\/cnnbra.com.br\/al\/wp-json\/wp\/v2\/categories?post=3995"},{"taxonomy":"post_tag","embeddable":true,"href":"https:\/\/cnnbra.com.br\/al\/wp-json\/wp\/v2\/tags?post=3995"}],"curies":[{"name":"wp","href":"https:\/\/api.w.org\/{rel}","templated":true}]}}