{"id":3993,"date":"2026-07-14T01:59:32","date_gmt":"2026-07-14T01:59:32","guid":{"rendered":"https:\/\/cnnbra.com.br\/al\/blog\/2026\/07\/14\/volkswagen-pode-demitir-50-mil-a-mais-afetando-mercado-local\/"},"modified":"2026-07-14T01:59:32","modified_gmt":"2026-07-14T01:59:32","slug":"volkswagen-pode-demitir-50-mil-a-mais-afetando-mercado-local","status":"publish","type":"post","link":"https:\/\/cnnbra.com.br\/al\/blog\/2026\/07\/14\/volkswagen-pode-demitir-50-mil-a-mais-afetando-mercado-local\/","title":{"rendered":"Volkswagen pode demitir 50 mil a mais, afetando mercado local"},"content":{"rendered":"<p>A Volkswagen est\u00e1 considerando o corte de mais de 50 mil empregos visando a redu\u00e7\u00e3o de custos, o que, se confirmado, totalizaria 100 mil demiss\u00f5es na montadora. A informa\u00e7\u00e3o foi revelada pelo CEO da empresa, Oliver Blume, em um memorando interno.<\/p>\n<p>\\n<\/p>\n<p>O grupo, que j\u00e1 havia anunciado a demiss\u00e3o de 50 mil trabalhadores, enfrenta uma desvantagem de custos de 20% em compara\u00e7\u00e3o com seus concorrentes. A nova rodada de cortes vem ap\u00f3s protestos de funcion\u00e1rios que se op\u00f5em a essa medida e \u00e0s poss\u00edveis fechaduras de quatro f\u00e1bricas na Alemanha.<\/p>\n<p>\\n<\/p>\n<p>No contexto brasileiro e alagoano, \u00e9 importante observar como esses movimentos na montadora podem impactar a ind\u00fastria automotiva local e a gera\u00e7\u00e3o de empregos, especialmente considerando as opera\u00e7\u00f5es de concession\u00e1rias e fornecedores da Volkswagen no estado.<\/p>\n","protected":false},"excerpt":{"rendered":"<p>A Volkswagen est\u00e1 considerando o corte de mais de 50 mil empregos visando a redu\u00e7\u00e3o de custos, o que, se confirmado, totalizaria 100 mil demiss\u00f5es na montadora. A informa\u00e7\u00e3o foi revelada pelo CEO da empresa, Oliver Blume, em um memorando interno. \\n O grupo, que j\u00e1 havia anunciado a demiss\u00e3o de 50 mil trabalhadores, enfrenta [&hellip;]<\/p>\n","protected":false},"author":1,"featured_media":3992,"comment_status":"open","ping_status":"open","sticky":false,"template":"","format":"standard","meta":{"fifu_image_url":"","fifu_image_alt":"","footnotes":""},"categories":[11],"tags":[],"class_list":["post-3993","post","type-post","status-publish","format-standard","has-post-thumbnail","hentry","category-alagoas"],"_links":{"self":[{"href":"https:\/\/cnnbra.com.br\/al\/wp-json\/wp\/v2\/posts\/3993","targetHints":{"allow":["GET"]}}],"collection":[{"href":"https:\/\/cnnbra.com.br\/al\/wp-json\/wp\/v2\/posts"}],"about":[{"href":"https:\/\/cnnbra.com.br\/al\/wp-json\/wp\/v2\/types\/post"}],"author":[{"embeddable":true,"href":"https:\/\/cnnbra.com.br\/al\/wp-json\/wp\/v2\/users\/1"}],"replies":[{"embeddable":true,"href":"https:\/\/cnnbra.com.br\/al\/wp-json\/wp\/v2\/comments?post=3993"}],"version-history":[{"count":0,"href":"https:\/\/cnnbra.com.br\/al\/wp-json\/wp\/v2\/posts\/3993\/revisions"}],"wp:featuredmedia":[{"embeddable":true,"href":"https:\/\/cnnbra.com.br\/al\/wp-json\/wp\/v2\/media\/3992"}],"wp:attachment":[{"href":"https:\/\/cnnbra.com.br\/al\/wp-json\/wp\/v2\/media?parent=3993"}],"wp:term":[{"taxonomy":"category","embeddable":true,"href":"https:\/\/cnnbra.com.br\/al\/wp-json\/wp\/v2\/categories?post=3993"},{"taxonomy":"post_tag","embeddable":true,"href":"https:\/\/cnnbra.com.br\/al\/wp-json\/wp\/v2\/tags?post=3993"}],"curies":[{"name":"wp","href":"https:\/\/api.w.org\/{rel}","templated":true}]}}