{"id":3967,"date":"2026-07-13T21:09:17","date_gmt":"2026-07-13T21:09:17","guid":{"rendered":"https:\/\/cnnbra.com.br\/al\/blog\/2026\/07\/13\/congresso-se-aproxima-do-recesso-sem-votar-pec-6x1-e-pl-sobre-misoginia\/"},"modified":"2026-07-13T21:09:17","modified_gmt":"2026-07-13T21:09:17","slug":"congresso-se-aproxima-do-recesso-sem-votar-pec-6x1-e-pl-sobre-misoginia","status":"publish","type":"post","link":"https:\/\/cnnbra.com.br\/al\/blog\/2026\/07\/13\/congresso-se-aproxima-do-recesso-sem-votar-pec-6x1-e-pl-sobre-misoginia\/","title":{"rendered":"Congresso se aproxima do recesso sem votar PEC 6&#215;1 e PL sobre misoginia"},"content":{"rendered":"<p>O Congresso Nacional est\u00e1 prestes a entrar em recesso parlamentar, que deve come\u00e7ar neste s\u00e1bado (18), sem finalizar a an\u00e1lise da proposta de emenda \u00e0 Constitui\u00e7\u00e3o (PEC) 6&#215;1. Essa proposta visa eliminar a jornada de trabalho 6&#215;1, reduzindo a carga semanal de 44 para 40 horas. Aprovada na C\u00e2mara dos Deputados em 27 de maio, a PEC encontra-se travada na mesa do presidente do Senado, Davi Alcolumbre (Uni\u00e3o-AP), que ainda n\u00e3o despachou a mat\u00e9ria para a Comiss\u00e3o de Constitui\u00e7\u00e3o e Justi\u00e7a (CCJ).<\/p>\n<p>\\n<\/p>\n<p>Outro tema que chama a aten\u00e7\u00e3o \u00e9 o Projeto de Lei (PL) que busca criminalizar a misoginia, reconhecendo esse crime como equivalente ao racismo. A expectativa na C\u00e2mara dos Deputados \u00e9 que o PL 896 de 2023 seja votado na pr\u00f3xima quarta-feira (15), mas sua inclus\u00e3o na pauta ainda n\u00e3o est\u00e1 confirmada.<\/p>\n<p>\\n<\/p>\n<p>A urg\u00eancia deste projeto foi aprovada na C\u00e2mara com 293 votos a favor e 158 contra, demonstrando o apoio da maioria, embora a criminaliza\u00e7\u00e3o da misoginia continue gerando divis\u00f5es no plen\u00e1rio. O presidente da C\u00e2mara, Hugo Motta (Republicanos-PB), sugeriu que as bancadas se re\u00fanam com a relatora, Tabata Amaral (PSB-SP), para buscar um consenso no texto.<\/p>\n<p>\\n<\/p>\n<h2>Setor de Transporte em Alerta<\/h2>\n<p>\\n<\/p>\n<p>Em outro foco de aten\u00e7\u00e3o, a Medida Provis\u00f3ria (MP) 1.343, que altera a Pol\u00edtica Nacional de Pisos M\u00ednimos do Transporte Rodovi\u00e1rio de Cargas, est\u00e1 em risco de n\u00e3o ser votada antes da validade expirar nesta quinta-feira (16). Essa MP visa assegurar o cumprimento do piso m\u00ednimo de frete dos caminhoneiros e pode afetar diretamente a economia local, que depende fortemente do transporte de cargas.<\/p>\n<p>\\n<\/p>\n<p>Embora a pauta da C\u00e2mara preveja a an\u00e1lise de v\u00e1rios projetos, como a instala\u00e7\u00e3o de c\u00e2meras de reconhecimento facial em transportes p\u00fablicos, as discuss\u00f5es sobre a MP de frete s\u00e3o essenciais para os motoristas em Alagoas, que esperam prote\u00e7\u00e3o de seus direitos trabalhistas.<\/p>\n","protected":false},"excerpt":{"rendered":"<p>O Congresso Nacional est\u00e1 prestes a entrar em recesso parlamentar, que deve come\u00e7ar neste s\u00e1bado (18), sem finalizar a an\u00e1lise da proposta de emenda \u00e0 Constitui\u00e7\u00e3o (PEC) 6&#215;1. Essa proposta visa eliminar a jornada de trabalho 6&#215;1, reduzindo a carga semanal de 44 para 40 horas. Aprovada na C\u00e2mara dos Deputados em 27 de maio, [&hellip;]<\/p>\n","protected":false},"author":1,"featured_media":3966,"comment_status":"open","ping_status":"open","sticky":false,"template":"","format":"standard","meta":{"fifu_image_url":"","fifu_image_alt":"","footnotes":""},"categories":[11],"tags":[],"class_list":["post-3967","post","type-post","status-publish","format-standard","has-post-thumbnail","hentry","category-alagoas"],"_links":{"self":[{"href":"https:\/\/cnnbra.com.br\/al\/wp-json\/wp\/v2\/posts\/3967","targetHints":{"allow":["GET"]}}],"collection":[{"href":"https:\/\/cnnbra.com.br\/al\/wp-json\/wp\/v2\/posts"}],"about":[{"href":"https:\/\/cnnbra.com.br\/al\/wp-json\/wp\/v2\/types\/post"}],"author":[{"embeddable":true,"href":"https:\/\/cnnbra.com.br\/al\/wp-json\/wp\/v2\/users\/1"}],"replies":[{"embeddable":true,"href":"https:\/\/cnnbra.com.br\/al\/wp-json\/wp\/v2\/comments?post=3967"}],"version-history":[{"count":0,"href":"https:\/\/cnnbra.com.br\/al\/wp-json\/wp\/v2\/posts\/3967\/revisions"}],"wp:featuredmedia":[{"embeddable":true,"href":"https:\/\/cnnbra.com.br\/al\/wp-json\/wp\/v2\/media\/3966"}],"wp:attachment":[{"href":"https:\/\/cnnbra.com.br\/al\/wp-json\/wp\/v2\/media?parent=3967"}],"wp:term":[{"taxonomy":"category","embeddable":true,"href":"https:\/\/cnnbra.com.br\/al\/wp-json\/wp\/v2\/categories?post=3967"},{"taxonomy":"post_tag","embeddable":true,"href":"https:\/\/cnnbra.com.br\/al\/wp-json\/wp\/v2\/tags?post=3967"}],"curies":[{"name":"wp","href":"https:\/\/api.w.org\/{rel}","templated":true}]}}