{"id":3955,"date":"2026-07-13T19:09:20","date_gmt":"2026-07-13T19:09:20","guid":{"rendered":"https:\/\/cnnbra.com.br\/al\/blog\/2026\/07\/13\/seplag-publica-edital-do-concurso-de-especialista-em-gestao-publica\/"},"modified":"2026-07-13T19:09:20","modified_gmt":"2026-07-13T19:09:20","slug":"seplag-publica-edital-do-concurso-de-especialista-em-gestao-publica","status":"publish","type":"post","link":"https:\/\/cnnbra.com.br\/al\/blog\/2026\/07\/13\/seplag-publica-edital-do-concurso-de-especialista-em-gestao-publica\/","title":{"rendered":"Seplag publica edital do concurso de Especialista em Gest\u00e3o P\u00fablica"},"content":{"rendered":"<p>O Di\u00e1rio Oficial do Estado divulgou nesta segunda-feira (13) o Edital n\u00ba 9 do concurso p\u00fablico para Especialista em Gest\u00e3o P\u00fablica. O documento traz diretrizes essenciais para os candidatos, como locais de prova e hor\u00e1rios de abertura e fechamento dos port\u00f5es.<\/p>\n<p>\\n<\/p>\n<p>As provas ocorrer\u00e3o no dia 26 de julho de 2026, com in\u00edcio previsto para \u00e0s 13h30. Os port\u00f5es abrem ao meio-dia e fecham \u00e0s 13h, portanto, \u00e9 fundamental que os concorrentes fiquem atentos a esses hor\u00e1rios. A lista de locais de prova estar\u00e1 dispon\u00edvel a partir de 17 de julho no site do Cebraspe.<\/p>\n<p>\\n<\/p>\n<p>Os candidatos devem levar caneta preta, comprovante de inscri\u00e7\u00e3o e documento de identidade. Al\u00e9m disso, itens como celulares e calculadoras s\u00e3o proibidos, e a presen\u00e7a deles pode resultar na desqualifica\u00e7\u00e3o do candidato. Para mais detalhes, consulte a \u00edntegra do edital dispon\u00edvel no Di\u00e1rio Oficial e no site do Cebraspe.<\/p>\n","protected":false},"excerpt":{"rendered":"<p>O Di\u00e1rio Oficial do Estado divulgou nesta segunda-feira (13) o Edital n\u00ba 9 do concurso p\u00fablico para Especialista em Gest\u00e3o P\u00fablica. O documento traz diretrizes essenciais para os candidatos, como locais de prova e hor\u00e1rios de abertura e fechamento dos port\u00f5es. \\n As provas ocorrer\u00e3o no dia 26 de julho de 2026, com in\u00edcio previsto [&hellip;]<\/p>\n","protected":false},"author":1,"featured_media":3954,"comment_status":"open","ping_status":"open","sticky":false,"template":"","format":"standard","meta":{"fifu_image_url":"","fifu_image_alt":"","footnotes":""},"categories":[11],"tags":[],"class_list":["post-3955","post","type-post","status-publish","format-standard","has-post-thumbnail","hentry","category-alagoas"],"_links":{"self":[{"href":"https:\/\/cnnbra.com.br\/al\/wp-json\/wp\/v2\/posts\/3955","targetHints":{"allow":["GET"]}}],"collection":[{"href":"https:\/\/cnnbra.com.br\/al\/wp-json\/wp\/v2\/posts"}],"about":[{"href":"https:\/\/cnnbra.com.br\/al\/wp-json\/wp\/v2\/types\/post"}],"author":[{"embeddable":true,"href":"https:\/\/cnnbra.com.br\/al\/wp-json\/wp\/v2\/users\/1"}],"replies":[{"embeddable":true,"href":"https:\/\/cnnbra.com.br\/al\/wp-json\/wp\/v2\/comments?post=3955"}],"version-history":[{"count":0,"href":"https:\/\/cnnbra.com.br\/al\/wp-json\/wp\/v2\/posts\/3955\/revisions"}],"wp:featuredmedia":[{"embeddable":true,"href":"https:\/\/cnnbra.com.br\/al\/wp-json\/wp\/v2\/media\/3954"}],"wp:attachment":[{"href":"https:\/\/cnnbra.com.br\/al\/wp-json\/wp\/v2\/media?parent=3955"}],"wp:term":[{"taxonomy":"category","embeddable":true,"href":"https:\/\/cnnbra.com.br\/al\/wp-json\/wp\/v2\/categories?post=3955"},{"taxonomy":"post_tag","embeddable":true,"href":"https:\/\/cnnbra.com.br\/al\/wp-json\/wp\/v2\/tags?post=3955"}],"curies":[{"name":"wp","href":"https:\/\/api.w.org\/{rel}","templated":true}]}}