{"id":3943,"date":"2026-07-13T17:30:33","date_gmt":"2026-07-13T17:30:33","guid":{"rendered":"https:\/\/cnnbra.com.br\/al\/blog\/2026\/07\/13\/confusao-em-ponto-de-onibus-no-mirante-da-sereia-maceio\/"},"modified":"2026-07-13T17:30:33","modified_gmt":"2026-07-13T17:30:33","slug":"confusao-em-ponto-de-onibus-no-mirante-da-sereia-maceio","status":"publish","type":"post","link":"https:\/\/cnnbra.com.br\/al\/blog\/2026\/07\/13\/confusao-em-ponto-de-onibus-no-mirante-da-sereia-maceio\/","title":{"rendered":"Confus\u00e3o em ponto de \u00f4nibus no Mirante da Sereia, Macei\u00f3"},"content":{"rendered":"<p>Uma confus\u00e3o foi registrada na tarde desse domingo (12) em um ponto de \u00f4nibus localizado no Mirante da Sereia, em Macei\u00f3. Imagens que circularam nas redes sociais mostram passageiros tentando acessar o ve\u00edculo pela janela e pela porta traseira, enquanto outros aguardavam na fila de embarque. Durante o tumulto, uma das portas do \u00f4nibus foi danificada e arrancada.<\/p>\n<p>\\n<\/p>\n<p>Nas imagens, \u00e9 poss\u00edvel ver pelo menos duas pessoas entrando pela janela do \u00f4nibus e outra for\u00e7ando a entrada pela porta traseira, provocando tumulto entre os passageiros que esperavam para embarcar de forma organizada. Situa\u00e7\u00f5es semelhantes j\u00e1 ocorreram anteriormente no local, especialmente nos fins de tarde, em que h\u00e1 maior concentra\u00e7\u00e3o de pessoas retornando das praias.<\/p>\n<p>\\n<\/p>\n<p>Al\u00e9m dos transtornos para quem aguarda a vez de embarcar, motoristas enfrentam dificuldades para controlar esse tipo de ocorr\u00eancia. Sem cobradores nos coletivos, cabe ao condutor lidar sozinho com situa\u00e7\u00f5es de desordem. Qualquer tentativa de interven\u00e7\u00e3o pode gerar discuss\u00f5es ou at\u00e9 agress\u00f5es dentro do \u00f4nibus. O Sinturb, por meio de nota \u00e0 imprensa, repudiou o ato de vandalismo e refor\u00e7ou a necessidade de embarque pela porta dianteira.<\/p>\n","protected":false},"excerpt":{"rendered":"<p>Uma confus\u00e3o foi registrada na tarde desse domingo (12) em um ponto de \u00f4nibus localizado no Mirante da Sereia, em Macei\u00f3. Imagens que circularam nas redes sociais mostram passageiros tentando acessar o ve\u00edculo pela janela e pela porta traseira, enquanto outros aguardavam na fila de embarque. Durante o tumulto, uma das portas do \u00f4nibus foi [&hellip;]<\/p>\n","protected":false},"author":1,"featured_media":3942,"comment_status":"open","ping_status":"open","sticky":false,"template":"","format":"standard","meta":{"fifu_image_url":"","fifu_image_alt":"","footnotes":""},"categories":[11],"tags":[],"class_list":["post-3943","post","type-post","status-publish","format-standard","has-post-thumbnail","hentry","category-alagoas"],"_links":{"self":[{"href":"https:\/\/cnnbra.com.br\/al\/wp-json\/wp\/v2\/posts\/3943","targetHints":{"allow":["GET"]}}],"collection":[{"href":"https:\/\/cnnbra.com.br\/al\/wp-json\/wp\/v2\/posts"}],"about":[{"href":"https:\/\/cnnbra.com.br\/al\/wp-json\/wp\/v2\/types\/post"}],"author":[{"embeddable":true,"href":"https:\/\/cnnbra.com.br\/al\/wp-json\/wp\/v2\/users\/1"}],"replies":[{"embeddable":true,"href":"https:\/\/cnnbra.com.br\/al\/wp-json\/wp\/v2\/comments?post=3943"}],"version-history":[{"count":0,"href":"https:\/\/cnnbra.com.br\/al\/wp-json\/wp\/v2\/posts\/3943\/revisions"}],"wp:featuredmedia":[{"embeddable":true,"href":"https:\/\/cnnbra.com.br\/al\/wp-json\/wp\/v2\/media\/3942"}],"wp:attachment":[{"href":"https:\/\/cnnbra.com.br\/al\/wp-json\/wp\/v2\/media?parent=3943"}],"wp:term":[{"taxonomy":"category","embeddable":true,"href":"https:\/\/cnnbra.com.br\/al\/wp-json\/wp\/v2\/categories?post=3943"},{"taxonomy":"post_tag","embeddable":true,"href":"https:\/\/cnnbra.com.br\/al\/wp-json\/wp\/v2\/tags?post=3943"}],"curies":[{"name":"wp","href":"https:\/\/api.w.org\/{rel}","templated":true}]}}