{"id":3902,"date":"2026-07-13T12:29:50","date_gmt":"2026-07-13T12:29:50","guid":{"rendered":"https:\/\/cnnbra.com.br\/al\/blog\/2026\/07\/13\/maceio-realiza-seminario-sobre-hepatites-virais-no-dia-31\/"},"modified":"2026-07-13T12:29:50","modified_gmt":"2026-07-13T12:29:50","slug":"maceio-realiza-seminario-sobre-hepatites-virais-no-dia-31","status":"publish","type":"post","link":"https:\/\/cnnbra.com.br\/al\/blog\/2026\/07\/13\/maceio-realiza-seminario-sobre-hepatites-virais-no-dia-31\/","title":{"rendered":"Macei\u00f3 realiza semin\u00e1rio sobre hepatites virais no dia 31"},"content":{"rendered":"<p>No pr\u00f3ximo dia 31 de julho, a Secretaria de Sa\u00fade de Macei\u00f3 promove um semin\u00e1rio voltado para a capacita\u00e7\u00e3o de profissionais da sa\u00fade no combate \u00e0s hepatites virais. O evento, que acontece no audit\u00f3rio do Centro Cultural Dr. Jo\u00e3o Sampaio, tem como tema \u201cA\u00e7\u00f5es intersetoriais para a elimina\u00e7\u00e3o das hepatites virais\u201d, em alus\u00e3o ao Julho Amarelo.<\/p>\n<p>\\n<\/p>\n<p>A iniciativa busca atualizar os profissionais da rede municipal sobre a preven\u00e7\u00e3o, diagn\u00f3stico e tratamento das hepatites B e C, que ainda representam um desafio de sa\u00fade p\u00fablica em Alagoas. Al\u00e9m disso, durante o m\u00eas, est\u00e3o sendo realizadas a\u00e7\u00f5es educativas em Unidades de Sa\u00fade, aumentando a oferta de testes r\u00e1pidos.<\/p>\n<p>\\n<\/p>\n<p>De acordo com Teresa Carvalho, t\u00e9cnica do Programa Municipal de IST\/HIV\/AIDS e Hepatites Virais, o semin\u00e1rio \u00e9 essencial para integrar esfor\u00e7os no enfrentamento dessas doen\u00e7as. Profissionais de sa\u00fade, estudantes e membros da comunidade poder\u00e3o se inscrever para participar do encontro, que vai das 8h \u00e0s 14h.<\/p>\n","protected":false},"excerpt":{"rendered":"<p>No pr\u00f3ximo dia 31 de julho, a Secretaria de Sa\u00fade de Macei\u00f3 promove um semin\u00e1rio voltado para a capacita\u00e7\u00e3o de profissionais da sa\u00fade no combate \u00e0s hepatites virais. O evento, que acontece no audit\u00f3rio do Centro Cultural Dr. Jo\u00e3o Sampaio, tem como tema \u201cA\u00e7\u00f5es intersetoriais para a elimina\u00e7\u00e3o das hepatites virais\u201d, em alus\u00e3o ao Julho [&hellip;]<\/p>\n","protected":false},"author":1,"featured_media":3901,"comment_status":"open","ping_status":"open","sticky":false,"template":"","format":"standard","meta":{"fifu_image_url":"","fifu_image_alt":"","footnotes":""},"categories":[11],"tags":[],"class_list":["post-3902","post","type-post","status-publish","format-standard","has-post-thumbnail","hentry","category-alagoas"],"_links":{"self":[{"href":"https:\/\/cnnbra.com.br\/al\/wp-json\/wp\/v2\/posts\/3902","targetHints":{"allow":["GET"]}}],"collection":[{"href":"https:\/\/cnnbra.com.br\/al\/wp-json\/wp\/v2\/posts"}],"about":[{"href":"https:\/\/cnnbra.com.br\/al\/wp-json\/wp\/v2\/types\/post"}],"author":[{"embeddable":true,"href":"https:\/\/cnnbra.com.br\/al\/wp-json\/wp\/v2\/users\/1"}],"replies":[{"embeddable":true,"href":"https:\/\/cnnbra.com.br\/al\/wp-json\/wp\/v2\/comments?post=3902"}],"version-history":[{"count":0,"href":"https:\/\/cnnbra.com.br\/al\/wp-json\/wp\/v2\/posts\/3902\/revisions"}],"wp:featuredmedia":[{"embeddable":true,"href":"https:\/\/cnnbra.com.br\/al\/wp-json\/wp\/v2\/media\/3901"}],"wp:attachment":[{"href":"https:\/\/cnnbra.com.br\/al\/wp-json\/wp\/v2\/media?parent=3902"}],"wp:term":[{"taxonomy":"category","embeddable":true,"href":"https:\/\/cnnbra.com.br\/al\/wp-json\/wp\/v2\/categories?post=3902"},{"taxonomy":"post_tag","embeddable":true,"href":"https:\/\/cnnbra.com.br\/al\/wp-json\/wp\/v2\/tags?post=3902"}],"curies":[{"name":"wp","href":"https:\/\/api.w.org\/{rel}","templated":true}]}}