{"id":3898,"date":"2026-07-13T12:09:43","date_gmt":"2026-07-13T12:09:43","guid":{"rendered":"https:\/\/cnnbra.com.br\/al\/blog\/2026\/07\/13\/recesso-academico-da-ufal-cultura-e-qualificacao-nas-ferias\/"},"modified":"2026-07-13T12:09:43","modified_gmt":"2026-07-13T12:09:43","slug":"recesso-academico-da-ufal-cultura-e-qualificacao-nas-ferias","status":"publish","type":"post","link":"https:\/\/cnnbra.com.br\/al\/blog\/2026\/07\/13\/recesso-academico-da-ufal-cultura-e-qualificacao-nas-ferias\/","title":{"rendered":"Recesso Acad\u00eamico da Ufal: cultura e qualifica\u00e7\u00e3o nas f\u00e9rias"},"content":{"rendered":"<p>Os estudantes da Universidade Federal de Alagoas (Ufal) iniciam, nesta segunda-feira (13), o recesso acad\u00eamico do semestre letivo 2026.1. As aulas retornam no dia 27 de julho, quando come\u00e7a tamb\u00e9m o semestre 2026.2 com uma programa\u00e7\u00e3o especial de acolhimento aos novos alunos.<\/p>\n<p>\\n<\/p>\n<p>Durante o recesso, a universidade recomenda que os alunos fiquem atentos ao calend\u00e1rio acad\u00eamico. As matr\u00edculas para o pr\u00f3ximo semestre ocorrem entre os dias 13 e 16 de julho, com o processamento das solicita\u00e7\u00f5es at\u00e9 o dia 20 e matr\u00edculas extraordin\u00e1rias entre 27 e 31 de julho.<\/p>\n<p>\\n<\/p>\n<p>As f\u00e9rias oferecem oportunidades culturais, como visitas ao Museu Th\u00e9o Brand\u00e3o e \u00e0 Pinacoteca Universit\u00e1ria, que est\u00e3o abertas ao p\u00fablico. Al\u00e9m disso, o Cine Penedo promove sess\u00f5es gratuitas de filmes brasileiros premiados, contribuindo para o acesso da popula\u00e7\u00e3o a produ\u00e7\u00f5es audiovisuais. J\u00e1 para quem deseja expandir a forma\u00e7\u00e3o acad\u00eamica, diversos programas de p\u00f3s-gradua\u00e7\u00e3o da Ufal est\u00e3o com editais abertos, visando \u00e1reas como Antropologia, Matem\u00e1tica e Arquitetura.<\/p>\n<p>\\n<\/p>\n<p>A abertura do semestre 2026.2 contar\u00e1 com atividades de integra\u00e7\u00e3o, refor\u00e7ando a inclus\u00e3o e perman\u00eancia estudantil na universidade. Assim, os alunos s\u00e3o incentivados a equilibrar descanso com aprendizado, aproveitando a rica programa\u00e7\u00e3o cultural e as oportunidades de qualifica\u00e7\u00e3o.<\/p>\n","protected":false},"excerpt":{"rendered":"<p>Os estudantes da Universidade Federal de Alagoas (Ufal) iniciam, nesta segunda-feira (13), o recesso acad\u00eamico do semestre letivo 2026.1. As aulas retornam no dia 27 de julho, quando come\u00e7a tamb\u00e9m o semestre 2026.2 com uma programa\u00e7\u00e3o especial de acolhimento aos novos alunos. \\n Durante o recesso, a universidade recomenda que os alunos fiquem atentos ao [&hellip;]<\/p>\n","protected":false},"author":1,"featured_media":3897,"comment_status":"open","ping_status":"open","sticky":false,"template":"","format":"standard","meta":{"fifu_image_url":"","fifu_image_alt":"","footnotes":""},"categories":[11],"tags":[],"class_list":["post-3898","post","type-post","status-publish","format-standard","has-post-thumbnail","hentry","category-alagoas"],"_links":{"self":[{"href":"https:\/\/cnnbra.com.br\/al\/wp-json\/wp\/v2\/posts\/3898","targetHints":{"allow":["GET"]}}],"collection":[{"href":"https:\/\/cnnbra.com.br\/al\/wp-json\/wp\/v2\/posts"}],"about":[{"href":"https:\/\/cnnbra.com.br\/al\/wp-json\/wp\/v2\/types\/post"}],"author":[{"embeddable":true,"href":"https:\/\/cnnbra.com.br\/al\/wp-json\/wp\/v2\/users\/1"}],"replies":[{"embeddable":true,"href":"https:\/\/cnnbra.com.br\/al\/wp-json\/wp\/v2\/comments?post=3898"}],"version-history":[{"count":0,"href":"https:\/\/cnnbra.com.br\/al\/wp-json\/wp\/v2\/posts\/3898\/revisions"}],"wp:featuredmedia":[{"embeddable":true,"href":"https:\/\/cnnbra.com.br\/al\/wp-json\/wp\/v2\/media\/3897"}],"wp:attachment":[{"href":"https:\/\/cnnbra.com.br\/al\/wp-json\/wp\/v2\/media?parent=3898"}],"wp:term":[{"taxonomy":"category","embeddable":true,"href":"https:\/\/cnnbra.com.br\/al\/wp-json\/wp\/v2\/categories?post=3898"},{"taxonomy":"post_tag","embeddable":true,"href":"https:\/\/cnnbra.com.br\/al\/wp-json\/wp\/v2\/tags?post=3898"}],"curies":[{"name":"wp","href":"https:\/\/api.w.org\/{rel}","templated":true}]}}