{"id":3892,"date":"2026-07-13T11:49:50","date_gmt":"2026-07-13T11:49:50","guid":{"rendered":"https:\/\/cnnbra.com.br\/al\/blog\/2026\/07\/13\/projecao-da-inflacao-em-alagoas-cai-para-516-ate-2026\/"},"modified":"2026-07-13T11:49:50","modified_gmt":"2026-07-13T11:49:50","slug":"projecao-da-inflacao-em-alagoas-cai-para-516-ate-2026","status":"publish","type":"post","link":"https:\/\/cnnbra.com.br\/al\/blog\/2026\/07\/13\/projecao-da-inflacao-em-alagoas-cai-para-516-ate-2026\/","title":{"rendered":"Proje\u00e7\u00e3o da infla\u00e7\u00e3o em Alagoas cai para 5,16% at\u00e9 2026"},"content":{"rendered":"<p>O Boletim Focus, publicado pelo Banco Central nesta segunda-feira, traz uma atualiza\u00e7\u00e3o importante para a economia alagoana: a previs\u00e3o da infla\u00e7\u00e3o foi reduzida para 5,16% at\u00e9 2026. Essa informa\u00e7\u00e3o \u00e9 relevante, especialmente para os alagoanos, que sentem diretamente os impactos da infla\u00e7\u00e3o em seus or\u00e7amentos familiares.<\/p>\n<p>\\n<\/p>\n<p>A redu\u00e7\u00e3o na proje\u00e7\u00e3o pode ser um sinal de estabilidade econ\u00f4mica, o que \u00e9 positivo para o com\u00e9rcio e a ind\u00fastria em Macei\u00f3 e nas demais cidades do estado, como Arapiraca e Palmeira dos \u00cdndios. Com menos press\u00e3o inflacion\u00e1ria, \u00e9 poss\u00edvel que o poder de compra dos consumidores melhore.<\/p>\n<p>\\n<\/p>\n<p>No entanto, \u00e9 importante ficar atento \u00e0s mudan\u00e7as que podem ocorrer, j\u00e1 que a infla\u00e7\u00e3o \u00e9 influenciada por diversos fatores, incluindo pol\u00edticas econ\u00f4micas e vari\u00e1veis externas. Manter-se informado \u00e9 fundamental para adaptar-se a esse cen\u00e1rio em constante mudan\u00e7a.<\/p>\n","protected":false},"excerpt":{"rendered":"<p>O Boletim Focus, publicado pelo Banco Central nesta segunda-feira, traz uma atualiza\u00e7\u00e3o importante para a economia alagoana: a previs\u00e3o da infla\u00e7\u00e3o foi reduzida para 5,16% at\u00e9 2026. Essa informa\u00e7\u00e3o \u00e9 relevante, especialmente para os alagoanos, que sentem diretamente os impactos da infla\u00e7\u00e3o em seus or\u00e7amentos familiares. \\n A redu\u00e7\u00e3o na proje\u00e7\u00e3o pode ser um sinal [&hellip;]<\/p>\n","protected":false},"author":1,"featured_media":3891,"comment_status":"open","ping_status":"open","sticky":false,"template":"","format":"standard","meta":{"fifu_image_url":"","fifu_image_alt":"","footnotes":""},"categories":[11],"tags":[],"class_list":["post-3892","post","type-post","status-publish","format-standard","has-post-thumbnail","hentry","category-alagoas"],"_links":{"self":[{"href":"https:\/\/cnnbra.com.br\/al\/wp-json\/wp\/v2\/posts\/3892","targetHints":{"allow":["GET"]}}],"collection":[{"href":"https:\/\/cnnbra.com.br\/al\/wp-json\/wp\/v2\/posts"}],"about":[{"href":"https:\/\/cnnbra.com.br\/al\/wp-json\/wp\/v2\/types\/post"}],"author":[{"embeddable":true,"href":"https:\/\/cnnbra.com.br\/al\/wp-json\/wp\/v2\/users\/1"}],"replies":[{"embeddable":true,"href":"https:\/\/cnnbra.com.br\/al\/wp-json\/wp\/v2\/comments?post=3892"}],"version-history":[{"count":0,"href":"https:\/\/cnnbra.com.br\/al\/wp-json\/wp\/v2\/posts\/3892\/revisions"}],"wp:featuredmedia":[{"embeddable":true,"href":"https:\/\/cnnbra.com.br\/al\/wp-json\/wp\/v2\/media\/3891"}],"wp:attachment":[{"href":"https:\/\/cnnbra.com.br\/al\/wp-json\/wp\/v2\/media?parent=3892"}],"wp:term":[{"taxonomy":"category","embeddable":true,"href":"https:\/\/cnnbra.com.br\/al\/wp-json\/wp\/v2\/categories?post=3892"},{"taxonomy":"post_tag","embeddable":true,"href":"https:\/\/cnnbra.com.br\/al\/wp-json\/wp\/v2\/tags?post=3892"}],"curies":[{"name":"wp","href":"https:\/\/api.w.org\/{rel}","templated":true}]}}