{"id":3880,"date":"2026-07-13T10:29:26","date_gmt":"2026-07-13T10:29:26","guid":{"rendered":"https:\/\/cnnbra.com.br\/al\/blog\/2026\/07\/13\/uniao-europeia-propoe-limites-a-criancas-nas-redes-sociais\/"},"modified":"2026-07-13T10:29:26","modified_gmt":"2026-07-13T10:29:26","slug":"uniao-europeia-propoe-limites-a-criancas-nas-redes-sociais","status":"publish","type":"post","link":"https:\/\/cnnbra.com.br\/al\/blog\/2026\/07\/13\/uniao-europeia-propoe-limites-a-criancas-nas-redes-sociais\/","title":{"rendered":"Uni\u00e3o Europeia prop\u00f5e limites a crian\u00e7as nas redes sociais"},"content":{"rendered":"<p>A Comiss\u00e3o Europeia est\u00e1 se preparando para apresentar uma proposta que pode restringir o acesso de crian\u00e7as \u00e0s redes sociais. Segundo a presidente da Comiss\u00e3o, Ursula von der Leyen, \u00e9 crucial que nossas crian\u00e7as tenham tempo no mundo real, longe das telas. Ela destacou que a quest\u00e3o n\u00e3o \u00e9 apenas se as crian\u00e7as podem acessar as redes, mas sim quando essas plataformas t\u00eam permiss\u00e3o para interagir com elas.<\/p>\n<p>\\n<\/p>\n<p>A expectativa \u00e9 que, at\u00e9 setembro, novas regras sejam formalizadas, ap\u00f3s a press\u00e3o crescente de pa\u00edses como a Austr\u00e1lia, que j\u00e1 decidiu proibir menores de 16 anos de acessar plataformas digitais em 2025. As iniciativas em v\u00e1rias na\u00e7\u00f5es europeias t\u00eam for\u00e7ado a Uni\u00e3o a desenvolver uma abordagem regulat\u00f3ria unificada, focada na seguran\u00e7a digital.<\/p>\n<p>\\n<\/p>\n<p>Embora uma proibi\u00e7\u00e3o total seja improv\u00e1vel, h\u00e1 uma clara tend\u00eancia em dire\u00e7\u00e3o a uma regulamenta\u00e7\u00e3o que vise limitar recursos considerados prejudiciais, como rolagem infinita e feeds personalizadas. Essa estrat\u00e9gia est\u00e1 sendo incentivada pela opini\u00e3o p\u00fablica, que se mostrou favor\u00e1vel \u00e0 cria\u00e7\u00e3o de ambientes digitais mais seguros para as crian\u00e7as, com 75% dos adultos apoiando restri\u00e7\u00f5es at\u00e9 que as empresas comprovem a seguran\u00e7a dessas plataformas.<\/p>\n","protected":false},"excerpt":{"rendered":"<p>A Comiss\u00e3o Europeia est\u00e1 se preparando para apresentar uma proposta que pode restringir o acesso de crian\u00e7as \u00e0s redes sociais. Segundo a presidente da Comiss\u00e3o, Ursula von der Leyen, \u00e9 crucial que nossas crian\u00e7as tenham tempo no mundo real, longe das telas. Ela destacou que a quest\u00e3o n\u00e3o \u00e9 apenas se as crian\u00e7as podem acessar [&hellip;]<\/p>\n","protected":false},"author":1,"featured_media":3879,"comment_status":"open","ping_status":"open","sticky":false,"template":"","format":"standard","meta":{"fifu_image_url":"","fifu_image_alt":"","footnotes":""},"categories":[11],"tags":[],"class_list":["post-3880","post","type-post","status-publish","format-standard","has-post-thumbnail","hentry","category-alagoas"],"_links":{"self":[{"href":"https:\/\/cnnbra.com.br\/al\/wp-json\/wp\/v2\/posts\/3880","targetHints":{"allow":["GET"]}}],"collection":[{"href":"https:\/\/cnnbra.com.br\/al\/wp-json\/wp\/v2\/posts"}],"about":[{"href":"https:\/\/cnnbra.com.br\/al\/wp-json\/wp\/v2\/types\/post"}],"author":[{"embeddable":true,"href":"https:\/\/cnnbra.com.br\/al\/wp-json\/wp\/v2\/users\/1"}],"replies":[{"embeddable":true,"href":"https:\/\/cnnbra.com.br\/al\/wp-json\/wp\/v2\/comments?post=3880"}],"version-history":[{"count":0,"href":"https:\/\/cnnbra.com.br\/al\/wp-json\/wp\/v2\/posts\/3880\/revisions"}],"wp:featuredmedia":[{"embeddable":true,"href":"https:\/\/cnnbra.com.br\/al\/wp-json\/wp\/v2\/media\/3879"}],"wp:attachment":[{"href":"https:\/\/cnnbra.com.br\/al\/wp-json\/wp\/v2\/media?parent=3880"}],"wp:term":[{"taxonomy":"category","embeddable":true,"href":"https:\/\/cnnbra.com.br\/al\/wp-json\/wp\/v2\/categories?post=3880"},{"taxonomy":"post_tag","embeddable":true,"href":"https:\/\/cnnbra.com.br\/al\/wp-json\/wp\/v2\/tags?post=3880"}],"curies":[{"name":"wp","href":"https:\/\/api.w.org\/{rel}","templated":true}]}}