{"id":3870,"date":"2026-07-13T07:30:35","date_gmt":"2026-07-13T07:30:35","guid":{"rendered":"https:\/\/cnnbra.com.br\/al\/blog\/2026\/07\/13\/lindbergh-pede-stf-para-revogar-prisao-domiciliar-de-bolsonaro\/"},"modified":"2026-07-13T07:30:35","modified_gmt":"2026-07-13T07:30:35","slug":"lindbergh-pede-stf-para-revogar-prisao-domiciliar-de-bolsonaro","status":"publish","type":"post","link":"https:\/\/cnnbra.com.br\/al\/blog\/2026\/07\/13\/lindbergh-pede-stf-para-revogar-prisao-domiciliar-de-bolsonaro\/","title":{"rendered":"Lindbergh pede STF para revogar pris\u00e3o domiciliar de Bolsonaro"},"content":{"rendered":"<p>O deputado federal Lindbergh Farias (PT-RJ) protocolou no \u00faltimo s\u00e1bado uma peti\u00e7\u00e3o no Supremo Tribunal Federal (STF) pedindo a revoga\u00e7\u00e3o da pris\u00e3o domiciliar do ex-presidente Jair Bolsonaro (PL). O pedido surge ap\u00f3s uma carta veiculada na internet pelo senador Fl\u00e1vio Bolsonaro, que Lindeberg afirma ter descumprido as medidas cautelares do STF.<\/p>\n<p>\\n<\/p>\n<p>No documento, Lindbergh argumenta que a manifesta\u00e7\u00e3o pol\u00edtica expressa por Bolsonaro, atrav\u00e9s de seu filho, configura uma tentativa de contornar as restri\u00e7\u00f5es impostas pela Justi\u00e7a. Segundo ele, essa a\u00e7\u00e3o pode ser considerada uma falta grave e evidencia a inten\u00e7\u00e3o de manter uma comunica\u00e7\u00e3o direta do ex-presidente com seus apoiadores durante o per\u00edodo eleitoral.<\/p>\n<p>\\n<\/p>\n<p>Al\u00e9m da revoga\u00e7\u00e3o da pris\u00e3o domiciliar, o deputado solicita o retorno de Bolsonaro ao regime fechado. A peti\u00e7\u00e3o tamb\u00e9m pede que o caso seja enviado \u00e0 Procuradoria Geral da Rep\u00fablica para apura\u00e7\u00e3o de poss\u00edvel responsabilidade penal do senador Fl\u00e1vio Bolsonaro.<\/p>\n","protected":false},"excerpt":{"rendered":"<p>O deputado federal Lindbergh Farias (PT-RJ) protocolou no \u00faltimo s\u00e1bado uma peti\u00e7\u00e3o no Supremo Tribunal Federal (STF) pedindo a revoga\u00e7\u00e3o da pris\u00e3o domiciliar do ex-presidente Jair Bolsonaro (PL). O pedido surge ap\u00f3s uma carta veiculada na internet pelo senador Fl\u00e1vio Bolsonaro, que Lindeberg afirma ter descumprido as medidas cautelares do STF. \\n No documento, Lindbergh [&hellip;]<\/p>\n","protected":false},"author":1,"featured_media":3869,"comment_status":"open","ping_status":"open","sticky":false,"template":"","format":"standard","meta":{"fifu_image_url":"","fifu_image_alt":"","footnotes":""},"categories":[11],"tags":[],"class_list":["post-3870","post","type-post","status-publish","format-standard","has-post-thumbnail","hentry","category-alagoas"],"_links":{"self":[{"href":"https:\/\/cnnbra.com.br\/al\/wp-json\/wp\/v2\/posts\/3870","targetHints":{"allow":["GET"]}}],"collection":[{"href":"https:\/\/cnnbra.com.br\/al\/wp-json\/wp\/v2\/posts"}],"about":[{"href":"https:\/\/cnnbra.com.br\/al\/wp-json\/wp\/v2\/types\/post"}],"author":[{"embeddable":true,"href":"https:\/\/cnnbra.com.br\/al\/wp-json\/wp\/v2\/users\/1"}],"replies":[{"embeddable":true,"href":"https:\/\/cnnbra.com.br\/al\/wp-json\/wp\/v2\/comments?post=3870"}],"version-history":[{"count":0,"href":"https:\/\/cnnbra.com.br\/al\/wp-json\/wp\/v2\/posts\/3870\/revisions"}],"wp:featuredmedia":[{"embeddable":true,"href":"https:\/\/cnnbra.com.br\/al\/wp-json\/wp\/v2\/media\/3869"}],"wp:attachment":[{"href":"https:\/\/cnnbra.com.br\/al\/wp-json\/wp\/v2\/media?parent=3870"}],"wp:term":[{"taxonomy":"category","embeddable":true,"href":"https:\/\/cnnbra.com.br\/al\/wp-json\/wp\/v2\/categories?post=3870"},{"taxonomy":"post_tag","embeddable":true,"href":"https:\/\/cnnbra.com.br\/al\/wp-json\/wp\/v2\/tags?post=3870"}],"curies":[{"name":"wp","href":"https:\/\/api.w.org\/{rel}","templated":true}]}}