{"id":3866,"date":"2026-07-13T05:49:15","date_gmt":"2026-07-13T05:49:15","guid":{"rendered":"https:\/\/cnnbra.com.br\/al\/blog\/2026\/07\/13\/papa-pede-dialogo-para-evitar-guerras-em-sua-mensagem\/"},"modified":"2026-07-13T05:49:15","modified_gmt":"2026-07-13T05:49:15","slug":"papa-pede-dialogo-para-evitar-guerras-em-sua-mensagem","status":"publish","type":"post","link":"https:\/\/cnnbra.com.br\/al\/blog\/2026\/07\/13\/papa-pede-dialogo-para-evitar-guerras-em-sua-mensagem\/","title":{"rendered":"Papa pede di\u00e1logo para evitar guerras em sua mensagem"},"content":{"rendered":"<p>Em um apelo claro, o papa Le\u00e3o 14 defendeu neste domingo (12) a import\u00e2ncia do di\u00e1logo e da diplomacia para reduzir os conflitos armados em todo o mundo.<\/p>\n<p>\\n<\/p>\n<p>Durante a ora\u00e7\u00e3o do Angelus, ele solicitou que todos se esforcem para &#8220;dispersar os ventos da guerra&#8221; e mantenham a esperan\u00e7a de solu\u00e7\u00f5es pac\u00edficas, enfatizando a necessidade de rezar pelas popula\u00e7\u00f5es afetadas pelos conflitos.<\/p>\n<p>\\n<\/p>\n<p>O pronunciamento ocorre em meio a tens\u00f5es crescentes no Oriente M\u00e9dio e na Ucr\u00e2nia, com alertas sobre poss\u00edveis repercuss\u00f5es dessas guerras, que tamb\u00e9m reverberam aqui em Alagoas, refor\u00e7ando a import\u00e2ncia do engajamento em quest\u00f5es globais.<\/p>\n","protected":false},"excerpt":{"rendered":"<p>Em um apelo claro, o papa Le\u00e3o 14 defendeu neste domingo (12) a import\u00e2ncia do di\u00e1logo e da diplomacia para reduzir os conflitos armados em todo o mundo. \\n Durante a ora\u00e7\u00e3o do Angelus, ele solicitou que todos se esforcem para &#8220;dispersar os ventos da guerra&#8221; e mantenham a esperan\u00e7a de solu\u00e7\u00f5es pac\u00edficas, enfatizando a [&hellip;]<\/p>\n","protected":false},"author":1,"featured_media":3865,"comment_status":"open","ping_status":"open","sticky":false,"template":"","format":"standard","meta":{"fifu_image_url":"","fifu_image_alt":"","footnotes":""},"categories":[11],"tags":[],"class_list":["post-3866","post","type-post","status-publish","format-standard","has-post-thumbnail","hentry","category-alagoas"],"_links":{"self":[{"href":"https:\/\/cnnbra.com.br\/al\/wp-json\/wp\/v2\/posts\/3866","targetHints":{"allow":["GET"]}}],"collection":[{"href":"https:\/\/cnnbra.com.br\/al\/wp-json\/wp\/v2\/posts"}],"about":[{"href":"https:\/\/cnnbra.com.br\/al\/wp-json\/wp\/v2\/types\/post"}],"author":[{"embeddable":true,"href":"https:\/\/cnnbra.com.br\/al\/wp-json\/wp\/v2\/users\/1"}],"replies":[{"embeddable":true,"href":"https:\/\/cnnbra.com.br\/al\/wp-json\/wp\/v2\/comments?post=3866"}],"version-history":[{"count":0,"href":"https:\/\/cnnbra.com.br\/al\/wp-json\/wp\/v2\/posts\/3866\/revisions"}],"wp:featuredmedia":[{"embeddable":true,"href":"https:\/\/cnnbra.com.br\/al\/wp-json\/wp\/v2\/media\/3865"}],"wp:attachment":[{"href":"https:\/\/cnnbra.com.br\/al\/wp-json\/wp\/v2\/media?parent=3866"}],"wp:term":[{"taxonomy":"category","embeddable":true,"href":"https:\/\/cnnbra.com.br\/al\/wp-json\/wp\/v2\/categories?post=3866"},{"taxonomy":"post_tag","embeddable":true,"href":"https:\/\/cnnbra.com.br\/al\/wp-json\/wp\/v2\/tags?post=3866"}],"curies":[{"name":"wp","href":"https:\/\/api.w.org\/{rel}","templated":true}]}}