{"id":3854,"date":"2026-07-13T01:29:52","date_gmt":"2026-07-13T01:29:52","guid":{"rendered":"https:\/\/cnnbra.com.br\/al\/blog\/2026\/07\/13\/stf-bloqueia-r-6-milhoes-de-eduardo-cunha-por-emendas-irregulares\/"},"modified":"2026-07-13T01:29:52","modified_gmt":"2026-07-13T01:29:52","slug":"stf-bloqueia-r-6-milhoes-de-eduardo-cunha-por-emendas-irregulares","status":"publish","type":"post","link":"https:\/\/cnnbra.com.br\/al\/blog\/2026\/07\/13\/stf-bloqueia-r-6-milhoes-de-eduardo-cunha-por-emendas-irregulares\/","title":{"rendered":"STF bloqueia R$ 6 milh\u00f5es de Eduardo Cunha por emendas irregulares"},"content":{"rendered":"<p>No \u00faltimo dia 6 de julho, o ministro Fl\u00e1vio Dino, do Supremo Tribunal Federal (STF), tomou uma decis\u00e3o que pode repercutir significativamente na pol\u00edtica alagoana: o bloqueio de R$ 6.150.378 do ex-deputado federal Eduardo Cunha, acusado de direcionar emendas parlamentares de maneira irregular.<\/p>\n<p>\\n<\/p>\n<p>A investiga\u00e7\u00e3o aponta que, apesar de n\u00e3o exercer mais um mandato, Cunha teria influenciado a destina\u00e7\u00e3o de pelo menos 21 emendas pertencentes \u00e0 Comiss\u00e3o de Sa\u00fade da C\u00e2mara dos Deputados. Essa situa\u00e7\u00e3o levanta quest\u00f5es sobre como essa pr\u00e1tica pode afetar o aporte de recursos na sa\u00fade p\u00fablica, especialmente em momentos cr\u00edticos para cidades alagoanas como Macei\u00f3 e Arapiraca.<\/p>\n<p>\\n<\/p>\n<p>A defesa de Eduardo Cunha, por sua vez, nega qualquer irregularidade e critica o processo, afirmando que o ex-parlamentar n\u00e3o foi ouvido ou intimado sobre as acusa\u00e7\u00f5es. \u00c9 uma situa\u00e7\u00e3o que deve ser acompanhada de perto, j\u00e1 que as implica\u00e7\u00f5es podem atrair a aten\u00e7\u00e3o de cidad\u00e3os alagoanos, principalmente aqueles ligados \u00e0 pol\u00edtica local.<\/p>\n","protected":false},"excerpt":{"rendered":"<p>No \u00faltimo dia 6 de julho, o ministro Fl\u00e1vio Dino, do Supremo Tribunal Federal (STF), tomou uma decis\u00e3o que pode repercutir significativamente na pol\u00edtica alagoana: o bloqueio de R$ 6.150.378 do ex-deputado federal Eduardo Cunha, acusado de direcionar emendas parlamentares de maneira irregular. \\n A investiga\u00e7\u00e3o aponta que, apesar de n\u00e3o exercer mais um mandato, [&hellip;]<\/p>\n","protected":false},"author":1,"featured_media":3853,"comment_status":"open","ping_status":"open","sticky":false,"template":"","format":"standard","meta":{"fifu_image_url":"","fifu_image_alt":"","footnotes":""},"categories":[11],"tags":[],"class_list":["post-3854","post","type-post","status-publish","format-standard","has-post-thumbnail","hentry","category-alagoas"],"_links":{"self":[{"href":"https:\/\/cnnbra.com.br\/al\/wp-json\/wp\/v2\/posts\/3854","targetHints":{"allow":["GET"]}}],"collection":[{"href":"https:\/\/cnnbra.com.br\/al\/wp-json\/wp\/v2\/posts"}],"about":[{"href":"https:\/\/cnnbra.com.br\/al\/wp-json\/wp\/v2\/types\/post"}],"author":[{"embeddable":true,"href":"https:\/\/cnnbra.com.br\/al\/wp-json\/wp\/v2\/users\/1"}],"replies":[{"embeddable":true,"href":"https:\/\/cnnbra.com.br\/al\/wp-json\/wp\/v2\/comments?post=3854"}],"version-history":[{"count":0,"href":"https:\/\/cnnbra.com.br\/al\/wp-json\/wp\/v2\/posts\/3854\/revisions"}],"wp:featuredmedia":[{"embeddable":true,"href":"https:\/\/cnnbra.com.br\/al\/wp-json\/wp\/v2\/media\/3853"}],"wp:attachment":[{"href":"https:\/\/cnnbra.com.br\/al\/wp-json\/wp\/v2\/media?parent=3854"}],"wp:term":[{"taxonomy":"category","embeddable":true,"href":"https:\/\/cnnbra.com.br\/al\/wp-json\/wp\/v2\/categories?post=3854"},{"taxonomy":"post_tag","embeddable":true,"href":"https:\/\/cnnbra.com.br\/al\/wp-json\/wp\/v2\/tags?post=3854"}],"curies":[{"name":"wp","href":"https:\/\/api.w.org\/{rel}","templated":true}]}}