{"id":3844,"date":"2026-07-12T22:29:25","date_gmt":"2026-07-12T22:29:25","guid":{"rendered":"https:\/\/cnnbra.com.br\/al\/blog\/2026\/07\/12\/israel-marca-eleicoes-em-meio-a-crise-com-netanyahu-e-guerra-em-gaza\/"},"modified":"2026-07-12T22:29:25","modified_gmt":"2026-07-12T22:29:25","slug":"israel-marca-eleicoes-em-meio-a-crise-com-netanyahu-e-guerra-em-gaza","status":"publish","type":"post","link":"https:\/\/cnnbra.com.br\/al\/blog\/2026\/07\/12\/israel-marca-eleicoes-em-meio-a-crise-com-netanyahu-e-guerra-em-gaza\/","title":{"rendered":"Israel marca elei\u00e7\u00f5es em meio a crise com Netanyahu e guerra em Gaza"},"content":{"rendered":"<p>O Parlamento de Israel, conhecido como Knesset, anunciou neste domingo que as elei\u00e7\u00f5es nacionais est\u00e3o marcadas para 27 de outubro. Essa ser\u00e1 a primeira vez que os israelenses ir\u00e3o \u00e0s urnas desde o in\u00edcio da guerra em Gaza, que se iniciou em 7 de outubro de 2023, ap\u00f3s os ataques do grupo palestino Hamas.<\/p>\n<p>\\n<\/p>\n<p>Este pleito \u00e9 visto como um verdadeiro julgamento pol\u00edtico do governo do primeiro-ministro Benjamin Netanyahu, que enfrenta cr\u00edticas contundentes por n\u00e3o ter captado os sinais de alerta sobre os planos do Hamas, a forma como tem administrado o conflito e a demora em recuperar os ref\u00e9ns no enclave.<\/p>\n<p>\\n<\/p>\n<p>Apesar da press\u00e3o popular e das d\u00favidas em rela\u00e7\u00e3o \u00e0 sua gest\u00e3o, Netanyahu, que j\u00e1 \u00e9 o primeiro-ministro com mais tempo no cargo, sinalizou que pretende buscar a reelei\u00e7\u00e3o, prometendo formar um \u201camplo governo nacional\u201d no futuro. No entanto, o cen\u00e1rio pol\u00edtico se mostra nebuloso com a crescente insatisfa\u00e7\u00e3o da popula\u00e7\u00e3o.<\/p>\n","protected":false},"excerpt":{"rendered":"<p>O Parlamento de Israel, conhecido como Knesset, anunciou neste domingo que as elei\u00e7\u00f5es nacionais est\u00e3o marcadas para 27 de outubro. Essa ser\u00e1 a primeira vez que os israelenses ir\u00e3o \u00e0s urnas desde o in\u00edcio da guerra em Gaza, que se iniciou em 7 de outubro de 2023, ap\u00f3s os ataques do grupo palestino Hamas. \\n [&hellip;]<\/p>\n","protected":false},"author":1,"featured_media":3843,"comment_status":"open","ping_status":"open","sticky":false,"template":"","format":"standard","meta":{"fifu_image_url":"","fifu_image_alt":"","footnotes":""},"categories":[11],"tags":[],"class_list":["post-3844","post","type-post","status-publish","format-standard","has-post-thumbnail","hentry","category-alagoas"],"_links":{"self":[{"href":"https:\/\/cnnbra.com.br\/al\/wp-json\/wp\/v2\/posts\/3844","targetHints":{"allow":["GET"]}}],"collection":[{"href":"https:\/\/cnnbra.com.br\/al\/wp-json\/wp\/v2\/posts"}],"about":[{"href":"https:\/\/cnnbra.com.br\/al\/wp-json\/wp\/v2\/types\/post"}],"author":[{"embeddable":true,"href":"https:\/\/cnnbra.com.br\/al\/wp-json\/wp\/v2\/users\/1"}],"replies":[{"embeddable":true,"href":"https:\/\/cnnbra.com.br\/al\/wp-json\/wp\/v2\/comments?post=3844"}],"version-history":[{"count":0,"href":"https:\/\/cnnbra.com.br\/al\/wp-json\/wp\/v2\/posts\/3844\/revisions"}],"wp:featuredmedia":[{"embeddable":true,"href":"https:\/\/cnnbra.com.br\/al\/wp-json\/wp\/v2\/media\/3843"}],"wp:attachment":[{"href":"https:\/\/cnnbra.com.br\/al\/wp-json\/wp\/v2\/media?parent=3844"}],"wp:term":[{"taxonomy":"category","embeddable":true,"href":"https:\/\/cnnbra.com.br\/al\/wp-json\/wp\/v2\/categories?post=3844"},{"taxonomy":"post_tag","embeddable":true,"href":"https:\/\/cnnbra.com.br\/al\/wp-json\/wp\/v2\/tags?post=3844"}],"curies":[{"name":"wp","href":"https:\/\/api.w.org\/{rel}","templated":true}]}}