{"id":3832,"date":"2026-07-12T19:31:03","date_gmt":"2026-07-12T19:31:03","guid":{"rendered":"https:\/\/cnnbra.com.br\/al\/blog\/2026\/07\/12\/impacto-da-decisao-do-stf-sobre-agu-e-minimizado-por-anafe\/"},"modified":"2026-07-12T19:31:03","modified_gmt":"2026-07-12T19:31:03","slug":"impacto-da-decisao-do-stf-sobre-agu-e-minimizado-por-anafe","status":"publish","type":"post","link":"https:\/\/cnnbra.com.br\/al\/blog\/2026\/07\/12\/impacto-da-decisao-do-stf-sobre-agu-e-minimizado-por-anafe\/","title":{"rendered":"Impacto da decis\u00e3o do STF sobre AGU \u00e9 minimizado por Anafe"},"content":{"rendered":"<p>O presidente da Anafe (Associa\u00e7\u00e3o Nacional dos Advogados P\u00fablicos Federais), Vitor Chaves, afirmou que a recente decis\u00e3o do Supremo Tribunal Federal sobre o pagamento de penduricalhos n\u00e3o ter\u00e1 grandes repercuss\u00f5es para a advocacia p\u00fablica. Em entrevista ao Poder360, Chaves destacou que a AGU j\u00e1 se preparou, estabelecendo limites de pagamentos em conformidade com o teto constitucional.<\/p>\n<p>\\n<\/p>\n<p>Chaves ressaltou a import\u00e2ncia da proposta legislativa que visa centralizar as diferentes carreiras da AGU, buscando uma maior coordena\u00e7\u00e3o entre os procuradores federais e outros advogados p\u00fablicos. Essa mudan\u00e7a deve garantir reconhecimento formal do trabalho realizado por diferentes ramos da advocacia p\u00fablica, essencial para a boa administra\u00e7\u00e3o p\u00fablica em Alagoas e em todo o pa\u00eds.<\/p>\n<p>\\n<\/p>\n<p>Al\u00e9m disso, ele comentou sobre o projeto de lei que permite aos advogados p\u00fablicos atuarem de forma privada, argumentando que isso n\u00e3o representa um conflito de interesses, desde que regulamentado adequadamente. Essa \u00e9 uma quest\u00e3o que pode impactar advogados que atuam em Alagoas, onde muitos esperam um cen\u00e1rio mais favor\u00e1vel para desenvolvimento profissional.<\/p>\n","protected":false},"excerpt":{"rendered":"<p>O presidente da Anafe (Associa\u00e7\u00e3o Nacional dos Advogados P\u00fablicos Federais), Vitor Chaves, afirmou que a recente decis\u00e3o do Supremo Tribunal Federal sobre o pagamento de penduricalhos n\u00e3o ter\u00e1 grandes repercuss\u00f5es para a advocacia p\u00fablica. Em entrevista ao Poder360, Chaves destacou que a AGU j\u00e1 se preparou, estabelecendo limites de pagamentos em conformidade com o teto [&hellip;]<\/p>\n","protected":false},"author":1,"featured_media":3831,"comment_status":"open","ping_status":"open","sticky":false,"template":"","format":"standard","meta":{"fifu_image_url":"","fifu_image_alt":"","footnotes":""},"categories":[11],"tags":[],"class_list":["post-3832","post","type-post","status-publish","format-standard","has-post-thumbnail","hentry","category-alagoas"],"_links":{"self":[{"href":"https:\/\/cnnbra.com.br\/al\/wp-json\/wp\/v2\/posts\/3832","targetHints":{"allow":["GET"]}}],"collection":[{"href":"https:\/\/cnnbra.com.br\/al\/wp-json\/wp\/v2\/posts"}],"about":[{"href":"https:\/\/cnnbra.com.br\/al\/wp-json\/wp\/v2\/types\/post"}],"author":[{"embeddable":true,"href":"https:\/\/cnnbra.com.br\/al\/wp-json\/wp\/v2\/users\/1"}],"replies":[{"embeddable":true,"href":"https:\/\/cnnbra.com.br\/al\/wp-json\/wp\/v2\/comments?post=3832"}],"version-history":[{"count":0,"href":"https:\/\/cnnbra.com.br\/al\/wp-json\/wp\/v2\/posts\/3832\/revisions"}],"wp:featuredmedia":[{"embeddable":true,"href":"https:\/\/cnnbra.com.br\/al\/wp-json\/wp\/v2\/media\/3831"}],"wp:attachment":[{"href":"https:\/\/cnnbra.com.br\/al\/wp-json\/wp\/v2\/media?parent=3832"}],"wp:term":[{"taxonomy":"category","embeddable":true,"href":"https:\/\/cnnbra.com.br\/al\/wp-json\/wp\/v2\/categories?post=3832"},{"taxonomy":"post_tag","embeddable":true,"href":"https:\/\/cnnbra.com.br\/al\/wp-json\/wp\/v2\/tags?post=3832"}],"curies":[{"name":"wp","href":"https:\/\/api.w.org\/{rel}","templated":true}]}}