{"id":3826,"date":"2026-07-12T19:30:02","date_gmt":"2026-07-12T19:30:02","guid":{"rendered":"https:\/\/cnnbra.com.br\/al\/blog\/2026\/07\/12\/deborah-secco-compartilha-momentos-de-viagem-em-foz-do-iguacu\/"},"modified":"2026-07-12T19:30:02","modified_gmt":"2026-07-12T19:30:02","slug":"deborah-secco-compartilha-momentos-de-viagem-em-foz-do-iguacu","status":"publish","type":"post","link":"https:\/\/cnnbra.com.br\/al\/blog\/2026\/07\/12\/deborah-secco-compartilha-momentos-de-viagem-em-foz-do-iguacu\/","title":{"rendered":"Deborah Secco compartilha momentos de viagem em Foz do Igua\u00e7u"},"content":{"rendered":"<p>Deborah Secco, 46 anos, divulgou fotos de sua recente viagem a Foz do Igua\u00e7u com a filha, Maria Flor, de 10. A atriz posou em um biqu\u00edni marrom em meio \u00e0s belezas naturais, relatando uma transforma\u00e7\u00e3o pessoal ap\u00f3s a visita. &#8220;Esse lugar \u00e9 um dos mais lindos que j\u00e1 vi na vida, saio transformada. Vou voltar em breve&#8221;, disse ela em um v\u00eddeo.<\/p>\n<p>\\n<\/p>\n<p>As Cataratas do Igua\u00e7u s\u00e3o Patrim\u00f4nio Mundial da Unesco e uma das Sete Maravilhas da Natureza. Essa viagem n\u00e3o s\u00f3 oferece uma conex\u00e3o com a natureza, mas tamb\u00e9m remete a uma experi\u00eancia de renova\u00e7\u00e3o que muitos de n\u00f3s em Alagoas podemos apreciar, mesmo \u00e0 dist\u00e2ncia.<\/p>\n<p>\\n<\/p>\n<p>A atriz tamb\u00e9m elogiou sua hospedagem no Belmond Hotel das Cataratas, reconhecido por sua excel\u00eancia na gastronomia e conforto, al\u00e9m de proporcionar acesso exclusivo \u00e0s Cataratas. Uma lembran\u00e7a de que temos belezas naturais em nosso estado que vale a pena explorar, assim como Deborah fez.<\/p>\n","protected":false},"excerpt":{"rendered":"<p>Deborah Secco, 46 anos, divulgou fotos de sua recente viagem a Foz do Igua\u00e7u com a filha, Maria Flor, de 10. A atriz posou em um biqu\u00edni marrom em meio \u00e0s belezas naturais, relatando uma transforma\u00e7\u00e3o pessoal ap\u00f3s a visita. &#8220;Esse lugar \u00e9 um dos mais lindos que j\u00e1 vi na vida, saio transformada. Vou [&hellip;]<\/p>\n","protected":false},"author":1,"featured_media":3825,"comment_status":"open","ping_status":"open","sticky":false,"template":"","format":"standard","meta":{"fifu_image_url":"","fifu_image_alt":"","footnotes":""},"categories":[11],"tags":[],"class_list":["post-3826","post","type-post","status-publish","format-standard","has-post-thumbnail","hentry","category-alagoas"],"_links":{"self":[{"href":"https:\/\/cnnbra.com.br\/al\/wp-json\/wp\/v2\/posts\/3826","targetHints":{"allow":["GET"]}}],"collection":[{"href":"https:\/\/cnnbra.com.br\/al\/wp-json\/wp\/v2\/posts"}],"about":[{"href":"https:\/\/cnnbra.com.br\/al\/wp-json\/wp\/v2\/types\/post"}],"author":[{"embeddable":true,"href":"https:\/\/cnnbra.com.br\/al\/wp-json\/wp\/v2\/users\/1"}],"replies":[{"embeddable":true,"href":"https:\/\/cnnbra.com.br\/al\/wp-json\/wp\/v2\/comments?post=3826"}],"version-history":[{"count":0,"href":"https:\/\/cnnbra.com.br\/al\/wp-json\/wp\/v2\/posts\/3826\/revisions"}],"wp:featuredmedia":[{"embeddable":true,"href":"https:\/\/cnnbra.com.br\/al\/wp-json\/wp\/v2\/media\/3825"}],"wp:attachment":[{"href":"https:\/\/cnnbra.com.br\/al\/wp-json\/wp\/v2\/media?parent=3826"}],"wp:term":[{"taxonomy":"category","embeddable":true,"href":"https:\/\/cnnbra.com.br\/al\/wp-json\/wp\/v2\/categories?post=3826"},{"taxonomy":"post_tag","embeddable":true,"href":"https:\/\/cnnbra.com.br\/al\/wp-json\/wp\/v2\/tags?post=3826"}],"curies":[{"name":"wp","href":"https:\/\/api.w.org\/{rel}","templated":true}]}}