{"id":3822,"date":"2026-07-12T19:29:24","date_gmt":"2026-07-12T19:29:24","guid":{"rendered":"https:\/\/cnnbra.com.br\/al\/blog\/2026\/07\/12\/exposicao-sobre-a-pandemia-e-realizada-em-sao-paulo\/"},"modified":"2026-07-12T19:29:24","modified_gmt":"2026-07-12T19:29:24","slug":"exposicao-sobre-a-pandemia-e-realizada-em-sao-paulo","status":"publish","type":"post","link":"https:\/\/cnnbra.com.br\/al\/blog\/2026\/07\/12\/exposicao-sobre-a-pandemia-e-realizada-em-sao-paulo\/","title":{"rendered":"Exposi\u00e7\u00e3o sobre a pandemia \u00e9 realizada em S\u00e3o Paulo"},"content":{"rendered":"<p>A pandemia trouxe desafios e hist\u00f3rias que precisam ser contadas. Em S\u00e3o Paulo, a exposi\u00e7\u00e3o &#8220;A Infinita Mem\u00f3ria da Pandemia: a Hist\u00f3ria da Covid-19 por Todos N\u00f3s, Brasileiros&#8221; busca preservar a mem\u00f3ria coletiva desse per\u00edodo. Com entrada gratuita, a mostra ficar\u00e1 em cartaz at\u00e9 9 de agosto no Centro Cultural S\u00e3o Paulo (CCSP).<\/p>\n<p>\\n<\/p>\n<p>O evento j\u00e1 passou por Bras\u00edlia e agora prop\u00f5e uma reflex\u00e3o sobre os impactos da Covid-19 na vida dos brasileiros, utilizando registros coletados ao longo da crise. Instala\u00e7\u00f5es imersivas, relatos, fotografias e v\u00eddeos comp\u00f5em a experi\u00eancia sensorial que evoca temas como isolamento, luto e solidariedade.<\/p>\n<p>\\n<\/p>\n<p>A programa\u00e7\u00e3o paralela inclui debates e atividades educativas que abordam ci\u00eancia, sa\u00fade p\u00fablica e a import\u00e2ncia da mem\u00f3ria. A mostra pode ser visitada de ter\u00e7a a domingo, ampliando o di\u00e1logo sobre a pandemia e suas consequ\u00eancias, e depois seguir\u00e1 para outras capitais do Brasil.<\/p>\n","protected":false},"excerpt":{"rendered":"<p>A pandemia trouxe desafios e hist\u00f3rias que precisam ser contadas. Em S\u00e3o Paulo, a exposi\u00e7\u00e3o &#8220;A Infinita Mem\u00f3ria da Pandemia: a Hist\u00f3ria da Covid-19 por Todos N\u00f3s, Brasileiros&#8221; busca preservar a mem\u00f3ria coletiva desse per\u00edodo. Com entrada gratuita, a mostra ficar\u00e1 em cartaz at\u00e9 9 de agosto no Centro Cultural S\u00e3o Paulo (CCSP). \\n O [&hellip;]<\/p>\n","protected":false},"author":1,"featured_media":3821,"comment_status":"open","ping_status":"open","sticky":false,"template":"","format":"standard","meta":{"fifu_image_url":"","fifu_image_alt":"","footnotes":""},"categories":[11],"tags":[],"class_list":["post-3822","post","type-post","status-publish","format-standard","has-post-thumbnail","hentry","category-alagoas"],"_links":{"self":[{"href":"https:\/\/cnnbra.com.br\/al\/wp-json\/wp\/v2\/posts\/3822","targetHints":{"allow":["GET"]}}],"collection":[{"href":"https:\/\/cnnbra.com.br\/al\/wp-json\/wp\/v2\/posts"}],"about":[{"href":"https:\/\/cnnbra.com.br\/al\/wp-json\/wp\/v2\/types\/post"}],"author":[{"embeddable":true,"href":"https:\/\/cnnbra.com.br\/al\/wp-json\/wp\/v2\/users\/1"}],"replies":[{"embeddable":true,"href":"https:\/\/cnnbra.com.br\/al\/wp-json\/wp\/v2\/comments?post=3822"}],"version-history":[{"count":0,"href":"https:\/\/cnnbra.com.br\/al\/wp-json\/wp\/v2\/posts\/3822\/revisions"}],"wp:featuredmedia":[{"embeddable":true,"href":"https:\/\/cnnbra.com.br\/al\/wp-json\/wp\/v2\/media\/3821"}],"wp:attachment":[{"href":"https:\/\/cnnbra.com.br\/al\/wp-json\/wp\/v2\/media?parent=3822"}],"wp:term":[{"taxonomy":"category","embeddable":true,"href":"https:\/\/cnnbra.com.br\/al\/wp-json\/wp\/v2\/categories?post=3822"},{"taxonomy":"post_tag","embeddable":true,"href":"https:\/\/cnnbra.com.br\/al\/wp-json\/wp\/v2\/tags?post=3822"}],"curies":[{"name":"wp","href":"https:\/\/api.w.org\/{rel}","templated":true}]}}