{"id":3816,"date":"2026-07-12T17:50:09","date_gmt":"2026-07-12T17:50:09","guid":{"rendered":"https:\/\/cnnbra.com.br\/al\/blog\/2026\/07\/12\/lindbergh-farias-pede-revogacao-de-prisao-domiciliar-de-bolsonaro\/"},"modified":"2026-07-12T17:50:09","modified_gmt":"2026-07-12T17:50:09","slug":"lindbergh-farias-pede-revogacao-de-prisao-domiciliar-de-bolsonaro","status":"publish","type":"post","link":"https:\/\/cnnbra.com.br\/al\/blog\/2026\/07\/12\/lindbergh-farias-pede-revogacao-de-prisao-domiciliar-de-bolsonaro\/","title":{"rendered":"Lindbergh Farias pede revoga\u00e7\u00e3o de pris\u00e3o domiciliar de Bolsonaro"},"content":{"rendered":"<p>Ap\u00f3s o deputado federal Lindbergh Farias (PT-RJ) se manifestar sobre uma carta escrita por Jair Bolsonaro, o pedido ao Supremo Tribunal Federal para a revoga\u00e7\u00e3o da pris\u00e3o domiciliar do ex-presidente tomou for\u00e7a. A declara\u00e7\u00e3o de Farias foi impulsionada pela leitura da carta feita por Fl\u00e1vio Bolsonaro, que destaca a import\u00e2ncia da participa\u00e7\u00e3o do ex-mandat\u00e1rio nas articula\u00e7\u00f5es pol\u00edticas para 2026.<\/p>\n<p>\\n<\/p>\n<p>No texto, Lindbergh expressou que a carta representa uma viola\u00e7\u00e3o das medidas cautelares impostas ao ex-presidente, que est\u00e1 em pris\u00e3o domiciliar desde julho. Segundo o deputado, Bolsonaro est\u00e1 agindo como se fosse um candidato e n\u00e3o apenas um ex-presidente, o que coloca em xeque as regras estabelecidas pelo Supremo.<\/p>\n<p>\\n<\/p>\n<p>Essa situa\u00e7\u00e3o levanta um debate sobre a atua\u00e7\u00e3o pol\u00edtica de Jair Bolsonaro, mesmo sob restri\u00e7\u00f5es legais. A leitura da carta ocorre em um momento delicado, onde Fl\u00e1vio busca minimizar as cr\u00edticas enfrentadas, especialmente da ex-primeira-dama. O desenrolar desse caso promete impactar as campanhas eleitorais no estado e nos pr\u00f3ximos anos.<\/p>\n","protected":false},"excerpt":{"rendered":"<p>Ap\u00f3s o deputado federal Lindbergh Farias (PT-RJ) se manifestar sobre uma carta escrita por Jair Bolsonaro, o pedido ao Supremo Tribunal Federal para a revoga\u00e7\u00e3o da pris\u00e3o domiciliar do ex-presidente tomou for\u00e7a. A declara\u00e7\u00e3o de Farias foi impulsionada pela leitura da carta feita por Fl\u00e1vio Bolsonaro, que destaca a import\u00e2ncia da participa\u00e7\u00e3o do ex-mandat\u00e1rio nas [&hellip;]<\/p>\n","protected":false},"author":1,"featured_media":3815,"comment_status":"open","ping_status":"open","sticky":false,"template":"","format":"standard","meta":{"fifu_image_url":"","fifu_image_alt":"","footnotes":""},"categories":[11],"tags":[],"class_list":["post-3816","post","type-post","status-publish","format-standard","has-post-thumbnail","hentry","category-alagoas"],"_links":{"self":[{"href":"https:\/\/cnnbra.com.br\/al\/wp-json\/wp\/v2\/posts\/3816","targetHints":{"allow":["GET"]}}],"collection":[{"href":"https:\/\/cnnbra.com.br\/al\/wp-json\/wp\/v2\/posts"}],"about":[{"href":"https:\/\/cnnbra.com.br\/al\/wp-json\/wp\/v2\/types\/post"}],"author":[{"embeddable":true,"href":"https:\/\/cnnbra.com.br\/al\/wp-json\/wp\/v2\/users\/1"}],"replies":[{"embeddable":true,"href":"https:\/\/cnnbra.com.br\/al\/wp-json\/wp\/v2\/comments?post=3816"}],"version-history":[{"count":0,"href":"https:\/\/cnnbra.com.br\/al\/wp-json\/wp\/v2\/posts\/3816\/revisions"}],"wp:featuredmedia":[{"embeddable":true,"href":"https:\/\/cnnbra.com.br\/al\/wp-json\/wp\/v2\/media\/3815"}],"wp:attachment":[{"href":"https:\/\/cnnbra.com.br\/al\/wp-json\/wp\/v2\/media?parent=3816"}],"wp:term":[{"taxonomy":"category","embeddable":true,"href":"https:\/\/cnnbra.com.br\/al\/wp-json\/wp\/v2\/categories?post=3816"},{"taxonomy":"post_tag","embeddable":true,"href":"https:\/\/cnnbra.com.br\/al\/wp-json\/wp\/v2\/tags?post=3816"}],"curies":[{"name":"wp","href":"https:\/\/api.w.org\/{rel}","templated":true}]}}