{"id":3742,"date":"2026-07-11T20:51:47","date_gmt":"2026-07-11T20:51:47","guid":{"rendered":"https:\/\/cnnbra.com.br\/al\/blog\/2026\/07\/11\/europeus-enfrentam-junho-mais-quente-do-que-a-media-historica\/"},"modified":"2026-07-11T20:51:47","modified_gmt":"2026-07-11T20:51:47","slug":"europeus-enfrentam-junho-mais-quente-do-que-a-media-historica","status":"publish","type":"post","link":"https:\/\/cnnbra.com.br\/al\/blog\/2026\/07\/11\/europeus-enfrentam-junho-mais-quente-do-que-a-media-historica\/","title":{"rendered":"Europeus enfrentam junho mais quente do que a m\u00e9dia hist\u00f3rica"},"content":{"rendered":"<p>O calor extremo continua a assolar a Europa Ocidental, onde junho de 2023 se destacou como o mais quente j\u00e1 registrado. De acordo com o relat\u00f3rio do servi\u00e7o Copernicus, essa onda de calor faz parte de um padr\u00e3o preocupante que pode ter reflexos sociais e econ\u00f4micos significativos.<\/p>\n<p>\\n<\/p>\n<p>O fen\u00f4meno n\u00e3o \u00e9 isolado e apresenta repercuss\u00f5es globais, levando \u00e0 uma preocupa\u00e7\u00e3o crescente sobre as mudan\u00e7as clim\u00e1ticas e sua vizinhan\u00e7a entre a Europa e regi\u00f5es como o Nordeste brasileiro. Aqui, em Alagoas, as altas temperaturas podem gerar s\u00e9ries de eventos clim\u00e1ticos at\u00edpicos.<\/p>\n<p>\\n<\/p>\n<p>Os cidad\u00e3os de Macei\u00f3 e do interior devem atentar para as alertas sobre o calor e a possibilidade de que fen\u00f4menos como secas ou chuvas intensas se tornem mais frequentes. A conscientiza\u00e7\u00e3o sobre o clima \u00e9 mais importante do que nunca.<\/p>\n","protected":false},"excerpt":{"rendered":"<p>O calor extremo continua a assolar a Europa Ocidental, onde junho de 2023 se destacou como o mais quente j\u00e1 registrado. De acordo com o relat\u00f3rio do servi\u00e7o Copernicus, essa onda de calor faz parte de um padr\u00e3o preocupante que pode ter reflexos sociais e econ\u00f4micos significativos. \\n O fen\u00f4meno n\u00e3o \u00e9 isolado e apresenta [&hellip;]<\/p>\n","protected":false},"author":1,"featured_media":3741,"comment_status":"open","ping_status":"open","sticky":false,"template":"","format":"standard","meta":{"fifu_image_url":"","fifu_image_alt":"","footnotes":""},"categories":[11],"tags":[],"class_list":["post-3742","post","type-post","status-publish","format-standard","has-post-thumbnail","hentry","category-alagoas"],"_links":{"self":[{"href":"https:\/\/cnnbra.com.br\/al\/wp-json\/wp\/v2\/posts\/3742","targetHints":{"allow":["GET"]}}],"collection":[{"href":"https:\/\/cnnbra.com.br\/al\/wp-json\/wp\/v2\/posts"}],"about":[{"href":"https:\/\/cnnbra.com.br\/al\/wp-json\/wp\/v2\/types\/post"}],"author":[{"embeddable":true,"href":"https:\/\/cnnbra.com.br\/al\/wp-json\/wp\/v2\/users\/1"}],"replies":[{"embeddable":true,"href":"https:\/\/cnnbra.com.br\/al\/wp-json\/wp\/v2\/comments?post=3742"}],"version-history":[{"count":0,"href":"https:\/\/cnnbra.com.br\/al\/wp-json\/wp\/v2\/posts\/3742\/revisions"}],"wp:featuredmedia":[{"embeddable":true,"href":"https:\/\/cnnbra.com.br\/al\/wp-json\/wp\/v2\/media\/3741"}],"wp:attachment":[{"href":"https:\/\/cnnbra.com.br\/al\/wp-json\/wp\/v2\/media?parent=3742"}],"wp:term":[{"taxonomy":"category","embeddable":true,"href":"https:\/\/cnnbra.com.br\/al\/wp-json\/wp\/v2\/categories?post=3742"},{"taxonomy":"post_tag","embeddable":true,"href":"https:\/\/cnnbra.com.br\/al\/wp-json\/wp\/v2\/tags?post=3742"}],"curies":[{"name":"wp","href":"https:\/\/api.w.org\/{rel}","templated":true}]}}