{"id":3738,"date":"2026-07-11T20:51:13","date_gmt":"2026-07-11T20:51:13","guid":{"rendered":"https:\/\/cnnbra.com.br\/al\/blog\/2026\/07\/11\/eduardo-bolsonaro-critica-flavio-dino-apos-bloqueio-de-bens\/"},"modified":"2026-07-11T20:51:13","modified_gmt":"2026-07-11T20:51:13","slug":"eduardo-bolsonaro-critica-flavio-dino-apos-bloqueio-de-bens","status":"publish","type":"post","link":"https:\/\/cnnbra.com.br\/al\/blog\/2026\/07\/11\/eduardo-bolsonaro-critica-flavio-dino-apos-bloqueio-de-bens\/","title":{"rendered":"Eduardo Bolsonaro critica Fl\u00e1vio Dino ap\u00f3s bloqueio de bens"},"content":{"rendered":"<p>No \u00faltimo s\u00e1bado, o deputado federal licenciado Eduardo Bolsonaro (PL-SP) se manifestou em defesa do presidente nacional do PL, Valdemar Costa Neto, ap\u00f3s uma decis\u00e3o judicial que bloqueou R$ 119 milh\u00f5es em bens do dirigente.<\/p>\n<p>\\n<\/p>\n<p>Eduardo n\u00e3o poupou cr\u00edticas ao ministro do STF, Fl\u00e1vio Dino, que autorizou a medida, chamando-o de &#8220;comunista totalit\u00e1rio&#8221;. O deputado argumentou que a pr\u00e1tica de destinar emendas parlamentares deve ser vista como uma atividade normal dos parlamentares, e n\u00e3o como um crime, segundo sua interpreta\u00e7\u00e3o da legisla\u00e7\u00e3o.<\/p>\n<p>\\n<\/p>\n<p>A decis\u00e3o de Dino gerou repercuss\u00e3o tamb\u00e9m entre outros membros da fam\u00edlia Bolsonaro, como o senador Fl\u00e1vio Bolsonaro (PL-RJ), que lamentou a atua\u00e7\u00e3o da Pol\u00edcia Federal neste caso. A situa\u00e7\u00e3o levanta quest\u00f5es sobre a pol\u00edtica local e os impactos das a\u00e7\u00f5es judiciais nas disputas entre partidos.<\/p>\n","protected":false},"excerpt":{"rendered":"<p>No \u00faltimo s\u00e1bado, o deputado federal licenciado Eduardo Bolsonaro (PL-SP) se manifestou em defesa do presidente nacional do PL, Valdemar Costa Neto, ap\u00f3s uma decis\u00e3o judicial que bloqueou R$ 119 milh\u00f5es em bens do dirigente. \\n Eduardo n\u00e3o poupou cr\u00edticas ao ministro do STF, Fl\u00e1vio Dino, que autorizou a medida, chamando-o de &#8220;comunista totalit\u00e1rio&#8221;. O [&hellip;]<\/p>\n","protected":false},"author":1,"featured_media":3737,"comment_status":"open","ping_status":"open","sticky":false,"template":"","format":"standard","meta":{"fifu_image_url":"","fifu_image_alt":"","footnotes":""},"categories":[11],"tags":[],"class_list":["post-3738","post","type-post","status-publish","format-standard","has-post-thumbnail","hentry","category-alagoas"],"_links":{"self":[{"href":"https:\/\/cnnbra.com.br\/al\/wp-json\/wp\/v2\/posts\/3738","targetHints":{"allow":["GET"]}}],"collection":[{"href":"https:\/\/cnnbra.com.br\/al\/wp-json\/wp\/v2\/posts"}],"about":[{"href":"https:\/\/cnnbra.com.br\/al\/wp-json\/wp\/v2\/types\/post"}],"author":[{"embeddable":true,"href":"https:\/\/cnnbra.com.br\/al\/wp-json\/wp\/v2\/users\/1"}],"replies":[{"embeddable":true,"href":"https:\/\/cnnbra.com.br\/al\/wp-json\/wp\/v2\/comments?post=3738"}],"version-history":[{"count":0,"href":"https:\/\/cnnbra.com.br\/al\/wp-json\/wp\/v2\/posts\/3738\/revisions"}],"wp:featuredmedia":[{"embeddable":true,"href":"https:\/\/cnnbra.com.br\/al\/wp-json\/wp\/v2\/media\/3737"}],"wp:attachment":[{"href":"https:\/\/cnnbra.com.br\/al\/wp-json\/wp\/v2\/media?parent=3738"}],"wp:term":[{"taxonomy":"category","embeddable":true,"href":"https:\/\/cnnbra.com.br\/al\/wp-json\/wp\/v2\/categories?post=3738"},{"taxonomy":"post_tag","embeddable":true,"href":"https:\/\/cnnbra.com.br\/al\/wp-json\/wp\/v2\/tags?post=3738"}],"curies":[{"name":"wp","href":"https:\/\/api.w.org\/{rel}","templated":true}]}}