{"id":3730,"date":"2026-07-11T20:49:56","date_gmt":"2026-07-11T20:49:56","guid":{"rendered":"https:\/\/cnnbra.com.br\/al\/blog\/2026\/07\/11\/antonio-rattin-a-expulsao-que-mudou-a-historia-do-futebol\/"},"modified":"2026-07-11T20:49:56","modified_gmt":"2026-07-11T20:49:56","slug":"antonio-rattin-a-expulsao-que-mudou-a-historia-do-futebol","status":"publish","type":"post","link":"https:\/\/cnnbra.com.br\/al\/blog\/2026\/07\/11\/antonio-rattin-a-expulsao-que-mudou-a-historia-do-futebol\/","title":{"rendered":"Antonio Ratt\u00edn: a expuls\u00e3o que mudou a hist\u00f3ria do futebol"},"content":{"rendered":"<p>Fatos do futebol sempre nos lembram como o esporte \u00e9 repleto de hist\u00f3rias memor\u00e1veis. Hoje, a comunidade esportiva se despede de Antonio Ratt\u00edn, o ic\u00f4nico meio-campista argentino, que faleceu aos 89 anos em Buenos Aires. Ele n\u00e3o foi apenas um \u00eddolo do Boca Juniors, mas tamb\u00e9m um dos protagonistas de um dos momentos mais marcantes da rivalidade entre Argentina e Inglaterra, muito antes da Guerra das Malvinas.<\/p>\n<p>\\n<\/p>\n<p>Ratt\u00edn, que vestiu a camisa 10 da sele\u00e7\u00e3o argentina na Copa do Mundo de 1966, deu um show de bravura, mas, infelizmente, tamb\u00e9m se tornou sin\u00f4nimo de controv\u00e9rsias. Durante a partida contra a Inglaterra nas quartas de final, ele foi expulso por um \u00e1rbitro que n\u00e3o soube lidar com a comunica\u00e7\u00e3o. Sem um int\u00e9rprete dispon\u00edvel, a confus\u00e3o se instalou e Ratt\u00edn se recusou a sair de campo, levando a uma rea\u00e7\u00e3o intensa das torcidas e um clima el\u00e9trico em Wembley.<\/p>\n<p>\\n<\/p>\n<p>Essa cena se transformou em um marco na hist\u00f3ria do futebol. A expuls\u00e3o de Ratt\u00edn n\u00e3o apenas trouxe \u00e0 tona a necessidade de protocolos melhores ao lidar com barreiras lingu\u00edsticas, como tamb\u00e9m resultou na implementa\u00e7\u00e3o dos cart\u00f5es amarelo e vermelho pela FIFA, que mudaram para sempre a forma como o jogo \u00e9 apitado. Sem esse momento ic\u00f4nico, o futebol que conhecemos hoje, com suas regras modernas, poderia ser bem diferente.<\/p>\n","protected":false},"excerpt":{"rendered":"<p>Fatos do futebol sempre nos lembram como o esporte \u00e9 repleto de hist\u00f3rias memor\u00e1veis. Hoje, a comunidade esportiva se despede de Antonio Ratt\u00edn, o ic\u00f4nico meio-campista argentino, que faleceu aos 89 anos em Buenos Aires. Ele n\u00e3o foi apenas um \u00eddolo do Boca Juniors, mas tamb\u00e9m um dos protagonistas de um dos momentos mais marcantes [&hellip;]<\/p>\n","protected":false},"author":1,"featured_media":3729,"comment_status":"open","ping_status":"open","sticky":false,"template":"","format":"standard","meta":{"fifu_image_url":"","fifu_image_alt":"","footnotes":""},"categories":[11],"tags":[],"class_list":["post-3730","post","type-post","status-publish","format-standard","has-post-thumbnail","hentry","category-alagoas"],"_links":{"self":[{"href":"https:\/\/cnnbra.com.br\/al\/wp-json\/wp\/v2\/posts\/3730","targetHints":{"allow":["GET"]}}],"collection":[{"href":"https:\/\/cnnbra.com.br\/al\/wp-json\/wp\/v2\/posts"}],"about":[{"href":"https:\/\/cnnbra.com.br\/al\/wp-json\/wp\/v2\/types\/post"}],"author":[{"embeddable":true,"href":"https:\/\/cnnbra.com.br\/al\/wp-json\/wp\/v2\/users\/1"}],"replies":[{"embeddable":true,"href":"https:\/\/cnnbra.com.br\/al\/wp-json\/wp\/v2\/comments?post=3730"}],"version-history":[{"count":0,"href":"https:\/\/cnnbra.com.br\/al\/wp-json\/wp\/v2\/posts\/3730\/revisions"}],"wp:featuredmedia":[{"embeddable":true,"href":"https:\/\/cnnbra.com.br\/al\/wp-json\/wp\/v2\/media\/3729"}],"wp:attachment":[{"href":"https:\/\/cnnbra.com.br\/al\/wp-json\/wp\/v2\/media?parent=3730"}],"wp:term":[{"taxonomy":"category","embeddable":true,"href":"https:\/\/cnnbra.com.br\/al\/wp-json\/wp\/v2\/categories?post=3730"},{"taxonomy":"post_tag","embeddable":true,"href":"https:\/\/cnnbra.com.br\/al\/wp-json\/wp\/v2\/tags?post=3730"}],"curies":[{"name":"wp","href":"https:\/\/api.w.org\/{rel}","templated":true}]}}