{"id":3728,"date":"2026-07-11T20:49:34","date_gmt":"2026-07-11T20:49:34","guid":{"rendered":"https:\/\/cnnbra.com.br\/al\/blog\/2026\/07\/11\/valdemar-costa-neto-defende-emendas-em-meio-a-investigacoes\/"},"modified":"2026-07-11T20:49:34","modified_gmt":"2026-07-11T20:49:34","slug":"valdemar-costa-neto-defende-emendas-em-meio-a-investigacoes","status":"publish","type":"post","link":"https:\/\/cnnbra.com.br\/al\/blog\/2026\/07\/11\/valdemar-costa-neto-defende-emendas-em-meio-a-investigacoes\/","title":{"rendered":"Valdemar Costa Neto defende emendas em meio a investiga\u00e7\u00f5es"},"content":{"rendered":"<p>O presidente nacional do PL, Valdemar Costa Neto, se manifestou recentemente acerca das emendas parlamentares que indicou a deputados federais, assegurando que todas eram s\u00e9rias e devidamente executadas. Ele ressaltou que a Pol\u00edcia Federal j\u00e1 est\u00e1 ciente da situa\u00e7\u00e3o, alegando que n\u00e3o h\u00e1 irregularidades nas solicita\u00e7\u00f5es feitas.<\/p>\n<p> \\n<\/p>\n<p>A investiga\u00e7\u00e3o que envolve Valdemar busca entender se deputados federais tinham conhecimento ou participa\u00e7\u00e3o nos usos indevidos de seus nomes em emendas. O caso ganhou destaque no cen\u00e1rio nacional, especialmente ap\u00f3s a decis\u00e3o do STF em bloquear R$ 119 milh\u00f5es relacionados \u00e0s emendas mencionadas. Essa decis\u00e3o levanta preocupa\u00e7\u00f5es sobre a transpar\u00eancia na destina\u00e7\u00e3o de recursos p\u00fablicos, o que tamb\u00e9m pode repercutir em Alagoas.<\/p>\n<p> \\n<\/p>\n<p>Com o crescente clamor por integridade nas finan\u00e7as p\u00fablicas, a atua\u00e7\u00e3o de pol\u00edticos alagoanos no Congresso deve ser monitorada de perto. A expectativa \u00e9 que os esclarecimentos tragam seguran\u00e7a \u00e0 popula\u00e7\u00e3o e que as institui\u00e7\u00f5es, como a C\u00e2mara dos Deputados, adotem medidas r\u00edgidas para garantir a legalidade na gest\u00e3o dos recursos.<\/p>\n","protected":false},"excerpt":{"rendered":"<p>O presidente nacional do PL, Valdemar Costa Neto, se manifestou recentemente acerca das emendas parlamentares que indicou a deputados federais, assegurando que todas eram s\u00e9rias e devidamente executadas. Ele ressaltou que a Pol\u00edcia Federal j\u00e1 est\u00e1 ciente da situa\u00e7\u00e3o, alegando que n\u00e3o h\u00e1 irregularidades nas solicita\u00e7\u00f5es feitas. \\n A investiga\u00e7\u00e3o que envolve Valdemar busca entender [&hellip;]<\/p>\n","protected":false},"author":1,"featured_media":3727,"comment_status":"open","ping_status":"open","sticky":false,"template":"","format":"standard","meta":{"fifu_image_url":"","fifu_image_alt":"","footnotes":""},"categories":[11],"tags":[],"class_list":["post-3728","post","type-post","status-publish","format-standard","has-post-thumbnail","hentry","category-alagoas"],"_links":{"self":[{"href":"https:\/\/cnnbra.com.br\/al\/wp-json\/wp\/v2\/posts\/3728","targetHints":{"allow":["GET"]}}],"collection":[{"href":"https:\/\/cnnbra.com.br\/al\/wp-json\/wp\/v2\/posts"}],"about":[{"href":"https:\/\/cnnbra.com.br\/al\/wp-json\/wp\/v2\/types\/post"}],"author":[{"embeddable":true,"href":"https:\/\/cnnbra.com.br\/al\/wp-json\/wp\/v2\/users\/1"}],"replies":[{"embeddable":true,"href":"https:\/\/cnnbra.com.br\/al\/wp-json\/wp\/v2\/comments?post=3728"}],"version-history":[{"count":0,"href":"https:\/\/cnnbra.com.br\/al\/wp-json\/wp\/v2\/posts\/3728\/revisions"}],"wp:featuredmedia":[{"embeddable":true,"href":"https:\/\/cnnbra.com.br\/al\/wp-json\/wp\/v2\/media\/3727"}],"wp:attachment":[{"href":"https:\/\/cnnbra.com.br\/al\/wp-json\/wp\/v2\/media?parent=3728"}],"wp:term":[{"taxonomy":"category","embeddable":true,"href":"https:\/\/cnnbra.com.br\/al\/wp-json\/wp\/v2\/categories?post=3728"},{"taxonomy":"post_tag","embeddable":true,"href":"https:\/\/cnnbra.com.br\/al\/wp-json\/wp\/v2\/tags?post=3728"}],"curies":[{"name":"wp","href":"https:\/\/api.w.org\/{rel}","templated":true}]}}