{"id":3724,"date":"2026-07-11T20:09:14","date_gmt":"2026-07-11T20:09:14","guid":{"rendered":"https:\/\/cnnbra.com.br\/al\/blog\/2026\/07\/11\/idosa-retorna-ao-hge-apos-quase-um-mes-de-transferencia\/"},"modified":"2026-07-11T20:09:14","modified_gmt":"2026-07-11T20:09:14","slug":"idosa-retorna-ao-hge-apos-quase-um-mes-de-transferencia","status":"publish","type":"post","link":"https:\/\/cnnbra.com.br\/al\/blog\/2026\/07\/11\/idosa-retorna-ao-hge-apos-quase-um-mes-de-transferencia\/","title":{"rendered":"Idosa retorna ao HGE ap\u00f3s quase um m\u00eas de transfer\u00eancia"},"content":{"rendered":"<p>A idosa Deisy Gomes de Lima, de 89 anos, fez seu retorno ao Hospital Geral do Estado (HGE) na tarde deste s\u00e1bado, ap\u00f3s uma transfer\u00eancia que gerou preocupa\u00e7\u00f5es. Ela estava internada por quase um m\u00eas no Hospital Regional da Mata, em Uni\u00e3o dos Palmares, por causa de uma fratura grave de f\u00eamur.<\/p>\n<p>\\n<\/p>\n<p>Dona Deisy sofreu uma queda em casa no dia 12 de junho e passou 23 dias no HGE antes de ser encaminhada para a unidade no interior. A fam\u00edlia denuncia que o hospital em Uni\u00e3o n\u00e3o tinha capacidade t\u00e9cnica para realizar a cirurgia necess\u00e1ria, devido \u00e0s comorbidades card\u00edacas da paciente e \u00e0 utiliza\u00e7\u00e3o de marcapasso.<\/p>\n<p>\\n<\/p>\n<p>A Secretaria de Estado da Sa\u00fade (Sesau) informou que a cirurgia de Dona Deisy ser\u00e1 realizada no HGE, onde equipes especializadas poder\u00e3o proceder com seguran\u00e7a. A fam\u00edlia busca esclarecimentos sobre as transfer\u00eancias e espera que a cirurgia ocorra em breve, garantindo melhor qualidade de vida para a idosa.<\/p>\n","protected":false},"excerpt":{"rendered":"<p>A idosa Deisy Gomes de Lima, de 89 anos, fez seu retorno ao Hospital Geral do Estado (HGE) na tarde deste s\u00e1bado, ap\u00f3s uma transfer\u00eancia que gerou preocupa\u00e7\u00f5es. Ela estava internada por quase um m\u00eas no Hospital Regional da Mata, em Uni\u00e3o dos Palmares, por causa de uma fratura grave de f\u00eamur. \\n Dona Deisy [&hellip;]<\/p>\n","protected":false},"author":1,"featured_media":3723,"comment_status":"open","ping_status":"open","sticky":false,"template":"","format":"standard","meta":{"fifu_image_url":"","fifu_image_alt":"","footnotes":""},"categories":[11],"tags":[],"class_list":["post-3724","post","type-post","status-publish","format-standard","has-post-thumbnail","hentry","category-alagoas"],"_links":{"self":[{"href":"https:\/\/cnnbra.com.br\/al\/wp-json\/wp\/v2\/posts\/3724","targetHints":{"allow":["GET"]}}],"collection":[{"href":"https:\/\/cnnbra.com.br\/al\/wp-json\/wp\/v2\/posts"}],"about":[{"href":"https:\/\/cnnbra.com.br\/al\/wp-json\/wp\/v2\/types\/post"}],"author":[{"embeddable":true,"href":"https:\/\/cnnbra.com.br\/al\/wp-json\/wp\/v2\/users\/1"}],"replies":[{"embeddable":true,"href":"https:\/\/cnnbra.com.br\/al\/wp-json\/wp\/v2\/comments?post=3724"}],"version-history":[{"count":0,"href":"https:\/\/cnnbra.com.br\/al\/wp-json\/wp\/v2\/posts\/3724\/revisions"}],"wp:featuredmedia":[{"embeddable":true,"href":"https:\/\/cnnbra.com.br\/al\/wp-json\/wp\/v2\/media\/3723"}],"wp:attachment":[{"href":"https:\/\/cnnbra.com.br\/al\/wp-json\/wp\/v2\/media?parent=3724"}],"wp:term":[{"taxonomy":"category","embeddable":true,"href":"https:\/\/cnnbra.com.br\/al\/wp-json\/wp\/v2\/categories?post=3724"},{"taxonomy":"post_tag","embeddable":true,"href":"https:\/\/cnnbra.com.br\/al\/wp-json\/wp\/v2\/tags?post=3724"}],"curies":[{"name":"wp","href":"https:\/\/api.w.org\/{rel}","templated":true}]}}