{"id":3714,"date":"2026-07-11T17:50:34","date_gmt":"2026-07-11T17:50:34","guid":{"rendered":"https:\/\/cnnbra.com.br\/al\/blog\/2026\/07\/11\/valdemar-costa-neto-fala-sobre-emendas-e-politica-em-alagoas\/"},"modified":"2026-07-11T17:50:34","modified_gmt":"2026-07-11T17:50:34","slug":"valdemar-costa-neto-fala-sobre-emendas-e-politica-em-alagoas","status":"publish","type":"post","link":"https:\/\/cnnbra.com.br\/al\/blog\/2026\/07\/11\/valdemar-costa-neto-fala-sobre-emendas-e-politica-em-alagoas\/","title":{"rendered":"Valdemar Costa Neto fala sobre emendas e pol\u00edtica em Alagoas"},"content":{"rendered":"<p>Em entrevista ao Poder360, Valdemar Costa Neto, presidente do PL, declarou que nunca teve uma &#8220;cota&#8221; de emendas do Congresso e acredita que a decis\u00e3o do ministro do STF, Fl\u00e1vio Dino, de bloquear recursos relacionados a ele \u00e9 uma interpreta\u00e7\u00e3o err\u00f4nea do seu papel. O ministro determinou a suspens\u00e3o de emendas que sugerem ind\u00edcios de direcionamento por parte de Valdemar, que n\u00e3o ocupa cargo eletivo.<\/p>\n<p>\\n<\/p>\n<p>Valdemar explicou que sua atua\u00e7\u00e3o se resume a receber prefeitos, identificar demandas e sugerir emendas aos l\u00edderes da bancada. Ele destacou que a decis\u00e3o de acatar essas sugest\u00f5es \u00e9 prerrogativa dos congressistas, afirmando que todos os presidentes de partidos operam da mesma forma. &#8220;Eu n\u00e3o tenho poder para indicar diretamente os recursos&#8221;, enfatizou.<\/p>\n<p>\\n<\/p>\n<p>Sobre a situa\u00e7\u00e3o pol\u00edtica atual, Valdemar comentou que na sua perspectiva, o presidente Luiz In\u00e1cio Lula da Silva j\u00e1 teria perdido a pr\u00f3xima elei\u00e7\u00e3o, refletindo um desespero da esquerda, devido \u00e0 alta infla\u00e7\u00e3o e \u00e0 insatisfa\u00e7\u00e3o popular, especialmente no Nordeste. Ele ainda criticou a cobertura midi\u00e1tica relacionada ao caso, alegando que muitos ve\u00edculos n\u00e3o se deram ao trabalho de ouvi-lo antes de publicar as mat\u00e9rias.<\/p>\n","protected":false},"excerpt":{"rendered":"<p>Em entrevista ao Poder360, Valdemar Costa Neto, presidente do PL, declarou que nunca teve uma &#8220;cota&#8221; de emendas do Congresso e acredita que a decis\u00e3o do ministro do STF, Fl\u00e1vio Dino, de bloquear recursos relacionados a ele \u00e9 uma interpreta\u00e7\u00e3o err\u00f4nea do seu papel. O ministro determinou a suspens\u00e3o de emendas que sugerem ind\u00edcios de [&hellip;]<\/p>\n","protected":false},"author":1,"featured_media":3713,"comment_status":"open","ping_status":"open","sticky":false,"template":"","format":"standard","meta":{"fifu_image_url":"","fifu_image_alt":"","footnotes":""},"categories":[11],"tags":[],"class_list":["post-3714","post","type-post","status-publish","format-standard","has-post-thumbnail","hentry","category-alagoas"],"_links":{"self":[{"href":"https:\/\/cnnbra.com.br\/al\/wp-json\/wp\/v2\/posts\/3714","targetHints":{"allow":["GET"]}}],"collection":[{"href":"https:\/\/cnnbra.com.br\/al\/wp-json\/wp\/v2\/posts"}],"about":[{"href":"https:\/\/cnnbra.com.br\/al\/wp-json\/wp\/v2\/types\/post"}],"author":[{"embeddable":true,"href":"https:\/\/cnnbra.com.br\/al\/wp-json\/wp\/v2\/users\/1"}],"replies":[{"embeddable":true,"href":"https:\/\/cnnbra.com.br\/al\/wp-json\/wp\/v2\/comments?post=3714"}],"version-history":[{"count":0,"href":"https:\/\/cnnbra.com.br\/al\/wp-json\/wp\/v2\/posts\/3714\/revisions"}],"wp:featuredmedia":[{"embeddable":true,"href":"https:\/\/cnnbra.com.br\/al\/wp-json\/wp\/v2\/media\/3713"}],"wp:attachment":[{"href":"https:\/\/cnnbra.com.br\/al\/wp-json\/wp\/v2\/media?parent=3714"}],"wp:term":[{"taxonomy":"category","embeddable":true,"href":"https:\/\/cnnbra.com.br\/al\/wp-json\/wp\/v2\/categories?post=3714"},{"taxonomy":"post_tag","embeddable":true,"href":"https:\/\/cnnbra.com.br\/al\/wp-json\/wp\/v2\/tags?post=3714"}],"curies":[{"name":"wp","href":"https:\/\/api.w.org\/{rel}","templated":true}]}}