{"id":3700,"date":"2026-07-11T16:30:54","date_gmt":"2026-07-11T16:30:54","guid":{"rendered":"https:\/\/cnnbra.com.br\/al\/blog\/2026\/07\/11\/camara-questiona-decisao-de-bloqueio-de-recursos-por-flavio-dino\/"},"modified":"2026-07-11T16:30:54","modified_gmt":"2026-07-11T16:30:54","slug":"camara-questiona-decisao-de-bloqueio-de-recursos-por-flavio-dino","status":"publish","type":"post","link":"https:\/\/cnnbra.com.br\/al\/blog\/2026\/07\/11\/camara-questiona-decisao-de-bloqueio-de-recursos-por-flavio-dino\/","title":{"rendered":"C\u00e2mara questiona decis\u00e3o de bloqueio de recursos por Fl\u00e1vio Dino"},"content":{"rendered":"<p>O presidente da C\u00e2mara dos Deputados, Hugo Motta, expressou seu descontentamento ap\u00f3s a decis\u00e3o do ministro do Supremo Tribunal Federal, Fl\u00e1vio Dino, que determinou o bloqueio de R$ 119 milh\u00f5es do presidente do PL, Valdemar Costa Neto. Motta classificou essa medida como uma &#8220;indevida interven\u00e7\u00e3o judicial&#8221; no trabalho do Congresso, argumentando que a decis\u00e3o n\u00e3o aponta irregularidades nas emendas parlamentares.<\/p>\n<p>\\n<\/p>\n<p>A situa\u00e7\u00e3o ganhou destaque na m\u00eddia, especialmente entre os pol\u00edticos e representantes do Legislativo alagoano, que se mostram preocupados com o impacto de decis\u00f5es judiciais sobre as atividades parlamentares. Segundo Motta, \u00e9 fundamental garantir a independ\u00eancia do Poder Legislativo e a livre condu\u00e7\u00e3o das emendas sem a interfer\u00eancia de inst\u00e2ncias judiciais.<\/p>\n<p>\\n<\/p>\n<p>Valdemar Costa Neto, em sua defesa, reafirmou que a sugest\u00e3o de destina\u00e7\u00f5es de emendas \u00e9 uma pr\u00e1tica comum entre presidentes de partidos, e que isso \u00e9 parte leg\u00edtima do processo pol\u00edtico. O bloqueio foi associado a uma investiga\u00e7\u00e3o sobre o famoso &#8220;or\u00e7amento secreto&#8221;, levantando questionamentos sobre a transpar\u00eancia nas aloca\u00e7\u00f5es de verbas p\u00fablicas, algo que merece aten\u00e7\u00e3o tamb\u00e9m aqui em Alagoas.<\/p>\n","protected":false},"excerpt":{"rendered":"<p>O presidente da C\u00e2mara dos Deputados, Hugo Motta, expressou seu descontentamento ap\u00f3s a decis\u00e3o do ministro do Supremo Tribunal Federal, Fl\u00e1vio Dino, que determinou o bloqueio de R$ 119 milh\u00f5es do presidente do PL, Valdemar Costa Neto. Motta classificou essa medida como uma &#8220;indevida interven\u00e7\u00e3o judicial&#8221; no trabalho do Congresso, argumentando que a decis\u00e3o n\u00e3o [&hellip;]<\/p>\n","protected":false},"author":1,"featured_media":3699,"comment_status":"open","ping_status":"open","sticky":false,"template":"","format":"standard","meta":{"fifu_image_url":"","fifu_image_alt":"","footnotes":""},"categories":[11],"tags":[],"class_list":["post-3700","post","type-post","status-publish","format-standard","has-post-thumbnail","hentry","category-alagoas"],"_links":{"self":[{"href":"https:\/\/cnnbra.com.br\/al\/wp-json\/wp\/v2\/posts\/3700","targetHints":{"allow":["GET"]}}],"collection":[{"href":"https:\/\/cnnbra.com.br\/al\/wp-json\/wp\/v2\/posts"}],"about":[{"href":"https:\/\/cnnbra.com.br\/al\/wp-json\/wp\/v2\/types\/post"}],"author":[{"embeddable":true,"href":"https:\/\/cnnbra.com.br\/al\/wp-json\/wp\/v2\/users\/1"}],"replies":[{"embeddable":true,"href":"https:\/\/cnnbra.com.br\/al\/wp-json\/wp\/v2\/comments?post=3700"}],"version-history":[{"count":0,"href":"https:\/\/cnnbra.com.br\/al\/wp-json\/wp\/v2\/posts\/3700\/revisions"}],"wp:featuredmedia":[{"embeddable":true,"href":"https:\/\/cnnbra.com.br\/al\/wp-json\/wp\/v2\/media\/3699"}],"wp:attachment":[{"href":"https:\/\/cnnbra.com.br\/al\/wp-json\/wp\/v2\/media?parent=3700"}],"wp:term":[{"taxonomy":"category","embeddable":true,"href":"https:\/\/cnnbra.com.br\/al\/wp-json\/wp\/v2\/categories?post=3700"},{"taxonomy":"post_tag","embeddable":true,"href":"https:\/\/cnnbra.com.br\/al\/wp-json\/wp\/v2\/tags?post=3700"}],"curies":[{"name":"wp","href":"https:\/\/api.w.org\/{rel}","templated":true}]}}