{"id":3694,"date":"2026-07-11T16:29:40","date_gmt":"2026-07-11T16:29:40","guid":{"rendered":"https:\/\/cnnbra.com.br\/al\/blog\/2026\/07\/11\/bolsonaro-apoia-flavio-como-pre-candidato-a-presidencia\/"},"modified":"2026-07-11T16:29:40","modified_gmt":"2026-07-11T16:29:40","slug":"bolsonaro-apoia-flavio-como-pre-candidato-a-presidencia","status":"publish","type":"post","link":"https:\/\/cnnbra.com.br\/al\/blog\/2026\/07\/11\/bolsonaro-apoia-flavio-como-pre-candidato-a-presidencia\/","title":{"rendered":"Bolsonaro apoia Fl\u00e1vio como pr\u00e9-candidato \u00e0 Presid\u00eancia"},"content":{"rendered":"<p>No \u00faltimo s\u00e1bado, o senador Fl\u00e1vio Bolsonaro (PL-RJ) leu uma carta do ex-presidente Jair Bolsonaro. Neste documento, o ex-chefe do Executivo confere apoio a seu filho mais velho como pr\u00e9-candidato \u00e0 Presid\u00eancia e o classifica como seu &#8220;porta-voz&#8221;. Jair afirmou que Fl\u00e1vio \u00e9 a &#8220;melhor op\u00e7\u00e3o para livrarmos o Brasil da corrup\u00e7\u00e3o, da viol\u00eancia e do empobrecimento&#8221;.<\/p>\n<p>\\n<\/p>\n<p>Durante a leitura, Jair expressou confian\u00e7a de que Fl\u00e1vio pode &#8220;resgatar o Brasil e nos conduzir para a paz e a prosperidade&#8221;. A divulga\u00e7\u00e3o da carta se d\u00e1 em meio a tens\u00f5es familiares, especialmente envolvendo a ex-primeira-dama Michelle Bolsonaro, embora ela n\u00e3o tenha sido mencionada no conte\u00fado lido.<\/p>\n<p>\\n<\/p>\n<p>Ap\u00f3s a leitura, Fl\u00e1vio ressaltou a import\u00e2ncia da unidade entre os apoiadores e informou que recebeu do pai a miss\u00e3o de evitar &#8220;falas conflitantes&#8221; na pr\u00e9-campanha. Ele tamb\u00e9m comentou que Jair est\u00e1 &#8220;bem de sa\u00fade&#8221; e &#8220;firme e forte na medida do poss\u00edvel&#8221;.<\/p>\n","protected":false},"excerpt":{"rendered":"<p>No \u00faltimo s\u00e1bado, o senador Fl\u00e1vio Bolsonaro (PL-RJ) leu uma carta do ex-presidente Jair Bolsonaro. Neste documento, o ex-chefe do Executivo confere apoio a seu filho mais velho como pr\u00e9-candidato \u00e0 Presid\u00eancia e o classifica como seu &#8220;porta-voz&#8221;. Jair afirmou que Fl\u00e1vio \u00e9 a &#8220;melhor op\u00e7\u00e3o para livrarmos o Brasil da corrup\u00e7\u00e3o, da viol\u00eancia e [&hellip;]<\/p>\n","protected":false},"author":1,"featured_media":3693,"comment_status":"open","ping_status":"open","sticky":false,"template":"","format":"standard","meta":{"fifu_image_url":"","fifu_image_alt":"","footnotes":""},"categories":[11],"tags":[],"class_list":["post-3694","post","type-post","status-publish","format-standard","has-post-thumbnail","hentry","category-alagoas"],"_links":{"self":[{"href":"https:\/\/cnnbra.com.br\/al\/wp-json\/wp\/v2\/posts\/3694","targetHints":{"allow":["GET"]}}],"collection":[{"href":"https:\/\/cnnbra.com.br\/al\/wp-json\/wp\/v2\/posts"}],"about":[{"href":"https:\/\/cnnbra.com.br\/al\/wp-json\/wp\/v2\/types\/post"}],"author":[{"embeddable":true,"href":"https:\/\/cnnbra.com.br\/al\/wp-json\/wp\/v2\/users\/1"}],"replies":[{"embeddable":true,"href":"https:\/\/cnnbra.com.br\/al\/wp-json\/wp\/v2\/comments?post=3694"}],"version-history":[{"count":0,"href":"https:\/\/cnnbra.com.br\/al\/wp-json\/wp\/v2\/posts\/3694\/revisions"}],"wp:featuredmedia":[{"embeddable":true,"href":"https:\/\/cnnbra.com.br\/al\/wp-json\/wp\/v2\/media\/3693"}],"wp:attachment":[{"href":"https:\/\/cnnbra.com.br\/al\/wp-json\/wp\/v2\/media?parent=3694"}],"wp:term":[{"taxonomy":"category","embeddable":true,"href":"https:\/\/cnnbra.com.br\/al\/wp-json\/wp\/v2\/categories?post=3694"},{"taxonomy":"post_tag","embeddable":true,"href":"https:\/\/cnnbra.com.br\/al\/wp-json\/wp\/v2\/tags?post=3694"}],"curies":[{"name":"wp","href":"https:\/\/api.w.org\/{rel}","templated":true}]}}