{"id":3672,"date":"2026-07-11T10:29:18","date_gmt":"2026-07-11T10:29:18","guid":{"rendered":"https:\/\/cnnbra.com.br\/al\/blog\/2026\/07\/11\/ataque-russo-a-kiev-deixa-dezenas-de-feridos-na-ucrania\/"},"modified":"2026-07-11T10:29:18","modified_gmt":"2026-07-11T10:29:18","slug":"ataque-russo-a-kiev-deixa-dezenas-de-feridos-na-ucrania","status":"publish","type":"post","link":"https:\/\/cnnbra.com.br\/al\/blog\/2026\/07\/11\/ataque-russo-a-kiev-deixa-dezenas-de-feridos-na-ucrania\/","title":{"rendered":"Ataque russo a Kiev deixa dezenas de feridos na Ucr\u00e2nia"},"content":{"rendered":"<p>Na madrugada deste s\u00e1bado (11), Kiev, a capital da Ucr\u00e2nia, foi alvo de bombardeios com m\u00edsseis bal\u00edsticos, resultando em pelo menos 10 feridos, conforme relataram autoridades locais. A situa\u00e7\u00e3o se agrava com a escassez de muni\u00e7\u00f5es para defesa, o que tem tornado a cidade mais vulner\u00e1vel a novos ataques.<\/p>\n<p>\\n<\/p>\n<p>As For\u00e7as Armadas da Ucr\u00e2nia informaram que a R\u00fassia lan\u00e7ou um total de 123 m\u00edsseis e drones, com alguns sendo interceptados. A situa\u00e7\u00e3o em Kiev tem gerado forte preocupa\u00e7\u00e3o internacional, especialmente pelo crescente n\u00famero de v\u00edtimas nos \u00faltimos dias, que j\u00e1 ultrapassa 60 somente neste m\u00eas.<\/p>\n<p>\\n<\/p>\n<p>Com a intensifica\u00e7\u00e3o dos ataques, o prefeito Vitali Klitschko anunciou danos significativos em pr\u00e9dios da cidade, incluindo um de escrit\u00f3rios em chamas e janelas estouradas em resid\u00eancias. Isso agrava ainda mais a crise humanit\u00e1ria e a demogr\u00e1fica no pa\u00eds, onde a guerra tem deixado um rastro de vi\u00favas e \u00f3rf\u00e3os.<\/p>\n","protected":false},"excerpt":{"rendered":"<p>Na madrugada deste s\u00e1bado (11), Kiev, a capital da Ucr\u00e2nia, foi alvo de bombardeios com m\u00edsseis bal\u00edsticos, resultando em pelo menos 10 feridos, conforme relataram autoridades locais. A situa\u00e7\u00e3o se agrava com a escassez de muni\u00e7\u00f5es para defesa, o que tem tornado a cidade mais vulner\u00e1vel a novos ataques. \\n As For\u00e7as Armadas da Ucr\u00e2nia [&hellip;]<\/p>\n","protected":false},"author":1,"featured_media":3671,"comment_status":"open","ping_status":"open","sticky":false,"template":"","format":"standard","meta":{"fifu_image_url":"","fifu_image_alt":"","footnotes":""},"categories":[11],"tags":[],"class_list":["post-3672","post","type-post","status-publish","format-standard","has-post-thumbnail","hentry","category-alagoas"],"_links":{"self":[{"href":"https:\/\/cnnbra.com.br\/al\/wp-json\/wp\/v2\/posts\/3672","targetHints":{"allow":["GET"]}}],"collection":[{"href":"https:\/\/cnnbra.com.br\/al\/wp-json\/wp\/v2\/posts"}],"about":[{"href":"https:\/\/cnnbra.com.br\/al\/wp-json\/wp\/v2\/types\/post"}],"author":[{"embeddable":true,"href":"https:\/\/cnnbra.com.br\/al\/wp-json\/wp\/v2\/users\/1"}],"replies":[{"embeddable":true,"href":"https:\/\/cnnbra.com.br\/al\/wp-json\/wp\/v2\/comments?post=3672"}],"version-history":[{"count":0,"href":"https:\/\/cnnbra.com.br\/al\/wp-json\/wp\/v2\/posts\/3672\/revisions"}],"wp:featuredmedia":[{"embeddable":true,"href":"https:\/\/cnnbra.com.br\/al\/wp-json\/wp\/v2\/media\/3671"}],"wp:attachment":[{"href":"https:\/\/cnnbra.com.br\/al\/wp-json\/wp\/v2\/media?parent=3672"}],"wp:term":[{"taxonomy":"category","embeddable":true,"href":"https:\/\/cnnbra.com.br\/al\/wp-json\/wp\/v2\/categories?post=3672"},{"taxonomy":"post_tag","embeddable":true,"href":"https:\/\/cnnbra.com.br\/al\/wp-json\/wp\/v2\/tags?post=3672"}],"curies":[{"name":"wp","href":"https:\/\/api.w.org\/{rel}","templated":true}]}}