{"id":3660,"date":"2026-07-11T07:29:41","date_gmt":"2026-07-11T07:29:41","guid":{"rendered":"https:\/\/cnnbra.com.br\/al\/blog\/2026\/07\/11\/ex-jogador-critica-colegas-de-cristiano-ronaldo-na-copa-2026\/"},"modified":"2026-07-11T07:29:41","modified_gmt":"2026-07-11T07:29:41","slug":"ex-jogador-critica-colegas-de-cristiano-ronaldo-na-copa-2026","status":"publish","type":"post","link":"https:\/\/cnnbra.com.br\/al\/blog\/2026\/07\/11\/ex-jogador-critica-colegas-de-cristiano-ronaldo-na-copa-2026\/","title":{"rendered":"Ex-jogador critica colegas de Cristiano Ronaldo na Copa 2026"},"content":{"rendered":"<p>A elimina\u00e7\u00e3o da sele\u00e7\u00e3o de Portugal nas oitavas de final da Copa do Mundo de 2026 ainda gera repercuss\u00e3o mundial. O ex-jogador Campe\u00e3o Mundial expressou sua indigna\u00e7\u00e3o ao afirmar que Cristiano Ronaldo foi \u201cboicotado\u201d pelos colegas de equipe durante a competi\u00e7\u00e3o.<\/p>\n<p>\\n<\/p>\n<p>As cr\u00edticas se direcionam \u00e0 falta de apoio que o craque recebeu dentro de campo, um ponto que levanta discuss\u00f5es sobre a din\u00e2mica da equipe portuguesa. Muitos torcedores alagoanos se questionam sobre o futuro do \u00eddolo e qual o impacto disso na imagem do futebol portugu\u00eas.<\/p>\n<p>\\n<\/p>\n<p>Com o Brasil tamb\u00e9m enfrentando desafios na competi\u00e7\u00e3o, a press\u00e3o sobre as sele\u00e7\u00f5es aumenta, e \u00e9 importante debater at\u00e9 onde vai o esp\u00edrito de equipe, especialmente em momentos decisivos como esses.<\/p>\n","protected":false},"excerpt":{"rendered":"<p>A elimina\u00e7\u00e3o da sele\u00e7\u00e3o de Portugal nas oitavas de final da Copa do Mundo de 2026 ainda gera repercuss\u00e3o mundial. O ex-jogador Campe\u00e3o Mundial expressou sua indigna\u00e7\u00e3o ao afirmar que Cristiano Ronaldo foi \u201cboicotado\u201d pelos colegas de equipe durante a competi\u00e7\u00e3o. \\n As cr\u00edticas se direcionam \u00e0 falta de apoio que o craque recebeu dentro [&hellip;]<\/p>\n","protected":false},"author":1,"featured_media":3659,"comment_status":"open","ping_status":"open","sticky":false,"template":"","format":"standard","meta":{"fifu_image_url":"","fifu_image_alt":"","footnotes":""},"categories":[11],"tags":[],"class_list":["post-3660","post","type-post","status-publish","format-standard","has-post-thumbnail","hentry","category-alagoas"],"_links":{"self":[{"href":"https:\/\/cnnbra.com.br\/al\/wp-json\/wp\/v2\/posts\/3660","targetHints":{"allow":["GET"]}}],"collection":[{"href":"https:\/\/cnnbra.com.br\/al\/wp-json\/wp\/v2\/posts"}],"about":[{"href":"https:\/\/cnnbra.com.br\/al\/wp-json\/wp\/v2\/types\/post"}],"author":[{"embeddable":true,"href":"https:\/\/cnnbra.com.br\/al\/wp-json\/wp\/v2\/users\/1"}],"replies":[{"embeddable":true,"href":"https:\/\/cnnbra.com.br\/al\/wp-json\/wp\/v2\/comments?post=3660"}],"version-history":[{"count":0,"href":"https:\/\/cnnbra.com.br\/al\/wp-json\/wp\/v2\/posts\/3660\/revisions"}],"wp:featuredmedia":[{"embeddable":true,"href":"https:\/\/cnnbra.com.br\/al\/wp-json\/wp\/v2\/media\/3659"}],"wp:attachment":[{"href":"https:\/\/cnnbra.com.br\/al\/wp-json\/wp\/v2\/media?parent=3660"}],"wp:term":[{"taxonomy":"category","embeddable":true,"href":"https:\/\/cnnbra.com.br\/al\/wp-json\/wp\/v2\/categories?post=3660"},{"taxonomy":"post_tag","embeddable":true,"href":"https:\/\/cnnbra.com.br\/al\/wp-json\/wp\/v2\/tags?post=3660"}],"curies":[{"name":"wp","href":"https:\/\/api.w.org\/{rel}","templated":true}]}}