{"id":3650,"date":"2026-07-11T04:30:26","date_gmt":"2026-07-11T04:30:26","guid":{"rendered":"https:\/\/cnnbra.com.br\/al\/blog\/2026\/07\/11\/meta-remove-recurso-de-ia-do-instagram-apos-criticas-na-comunidade\/"},"modified":"2026-07-11T04:30:26","modified_gmt":"2026-07-11T04:30:26","slug":"meta-remove-recurso-de-ia-do-instagram-apos-criticas-na-comunidade","status":"publish","type":"post","link":"https:\/\/cnnbra.com.br\/al\/blog\/2026\/07\/11\/meta-remove-recurso-de-ia-do-instagram-apos-criticas-na-comunidade\/","title":{"rendered":"Meta remove recurso de IA do Instagram ap\u00f3s cr\u00edticas na comunidade"},"content":{"rendered":"<p>A Meta anunciou a suspens\u00e3o de um novo recurso de intelig\u00eancia artificial (IA) do Instagram que gerava imagens a partir de perfis p\u00fablicos, ap\u00f3s receber forte oposi\u00e7\u00e3o de usu\u00e1rios e artistas.<\/p>\n<p>\\n<\/p>\n<p>Com essa ferramenta, que foi desativada dias depois do seu lan\u00e7amento, a funcionalidade era automaticamente ativada para todos os perfis p\u00fablicos, levando a preocupa\u00e7\u00f5es sobre privacidade e o uso indevido de imagens sem consentimento. A Meta, reconhecendo a insatisfa\u00e7\u00e3o do p\u00fablico, declarou que a inten\u00e7\u00e3o era criar uma ferramenta \u00fatil, mas que n\u00e3o atendeu \u00e0s expectativas.<\/p>\n<p>\\n<\/p>\n<p>A rea\u00e7\u00e3o nas redes sociais foi imediata. Usu\u00e1rios expressaram sua preocupa\u00e7\u00e3o e compartilharam dicas para proteger suas imagens, e at\u00e9 ag\u00eancias de talentos em Hollywood se manifestaram contra a iniciativa, alegando que artistas devem ter controle sobre suas imagens e obras.<\/p>\n<p>\\n<\/p>\n<h2>Disponibilidade e futuras estrat\u00e9gias de IA<\/h2>\n<p>\\n<\/p>\n<p>Embora o recurso tenha sido retirado do Instagram, o Muse Image continua sendo oferecido no WhatsApp e em outras plataformas da Meta. A empresa, por sua vez, tamb\u00e9m reafirmou seu compromisso com a IA, lan\u00e7ando novos modelos e planejando o desenvolvimento de geradores de v\u00eddeo nos pr\u00f3ximos meses.<\/p>\n<p>\\n<\/p>\n<p>A pol\u00eamica levanta quest\u00f5es sobre o uso de IA e direitos autorais, um tema que continua em debate n\u00e3o apenas em Alagoas, mas em todo o Brasil.<\/p>\n","protected":false},"excerpt":{"rendered":"<p>A Meta anunciou a suspens\u00e3o de um novo recurso de intelig\u00eancia artificial (IA) do Instagram que gerava imagens a partir de perfis p\u00fablicos, ap\u00f3s receber forte oposi\u00e7\u00e3o de usu\u00e1rios e artistas. \\n Com essa ferramenta, que foi desativada dias depois do seu lan\u00e7amento, a funcionalidade era automaticamente ativada para todos os perfis p\u00fablicos, levando a [&hellip;]<\/p>\n","protected":false},"author":1,"featured_media":3649,"comment_status":"open","ping_status":"open","sticky":false,"template":"","format":"standard","meta":{"fifu_image_url":"","fifu_image_alt":"","footnotes":""},"categories":[11],"tags":[],"class_list":["post-3650","post","type-post","status-publish","format-standard","has-post-thumbnail","hentry","category-alagoas"],"_links":{"self":[{"href":"https:\/\/cnnbra.com.br\/al\/wp-json\/wp\/v2\/posts\/3650","targetHints":{"allow":["GET"]}}],"collection":[{"href":"https:\/\/cnnbra.com.br\/al\/wp-json\/wp\/v2\/posts"}],"about":[{"href":"https:\/\/cnnbra.com.br\/al\/wp-json\/wp\/v2\/types\/post"}],"author":[{"embeddable":true,"href":"https:\/\/cnnbra.com.br\/al\/wp-json\/wp\/v2\/users\/1"}],"replies":[{"embeddable":true,"href":"https:\/\/cnnbra.com.br\/al\/wp-json\/wp\/v2\/comments?post=3650"}],"version-history":[{"count":0,"href":"https:\/\/cnnbra.com.br\/al\/wp-json\/wp\/v2\/posts\/3650\/revisions"}],"wp:featuredmedia":[{"embeddable":true,"href":"https:\/\/cnnbra.com.br\/al\/wp-json\/wp\/v2\/media\/3649"}],"wp:attachment":[{"href":"https:\/\/cnnbra.com.br\/al\/wp-json\/wp\/v2\/media?parent=3650"}],"wp:term":[{"taxonomy":"category","embeddable":true,"href":"https:\/\/cnnbra.com.br\/al\/wp-json\/wp\/v2\/categories?post=3650"},{"taxonomy":"post_tag","embeddable":true,"href":"https:\/\/cnnbra.com.br\/al\/wp-json\/wp\/v2\/tags?post=3650"}],"curies":[{"name":"wp","href":"https:\/\/api.w.org\/{rel}","templated":true}]}}